{"id":801,"date":"2025-10-13T08:00:09","date_gmt":"2025-10-13T11:00:09","guid":{"rendered":"https:\/\/vegamonitoramento.com.br\/blog\/?p=801"},"modified":"2025-10-13T08:00:56","modified_gmt":"2025-10-13T11:00:56","slug":"da-fazenda-ao-porto","status":"publish","type":"post","link":"https:\/\/vegamonitoramento.com.br\/blog\/cadeia-do-grao\/da-fazenda-ao-porto\/","title":{"rendered":"Da fazenda ao porto: como os dados territoriais reduzem perdas e aumentam a efici\u00eancia log\u00edstica no agroneg\u00f3cio"},"content":{"rendered":"<p><span data-contrast=\"auto\">A jornada de um gr\u00e3o, do campo ao porto, envolve centenas de vari\u00e1veis. Cada elo da cadeia &#8211; produtores, cooperativas, tradings e ind\u00fastrias &#8211; depende de decis\u00f5es r\u00e1pidas e precisas para garantir efici\u00eancia, rastreabilidade e rentabilidade. Nesse contexto, os dados territoriais se consolidam como um ativo estrat\u00e9gico capaz de transformar a log\u00edstica agr\u00edcola em um processo mais inteligente, previs\u00edvel e sustent\u00e1vel.<\/span><\/p>\n<p><img loading=\"lazy\" decoding=\"async\" class=\"alignnone wp-image-805\" src=\"https:\/\/vegamonitoramento.com.br\/blog\/wp-content\/uploads\/2025\/10\/porto2-300x225.webp\" alt=\"\" width=\"435\" height=\"326\" srcset=\"https:\/\/vegamonitoramento.com.br\/blog\/wp-content\/uploads\/2025\/10\/porto2-300x225.webp 300w, https:\/\/vegamonitoramento.com.br\/blog\/wp-content\/uploads\/2025\/10\/porto2-1024x768.webp 1024w, https:\/\/vegamonitoramento.com.br\/blog\/wp-content\/uploads\/2025\/10\/porto2-768x576.webp 768w, https:\/\/vegamonitoramento.com.br\/blog\/wp-content\/uploads\/2025\/10\/porto2-1536x1152.webp 1536w, https:\/\/vegamonitoramento.com.br\/blog\/wp-content\/uploads\/2025\/10\/porto2-2048x1536.webp 2048w, https:\/\/vegamonitoramento.com.br\/blog\/wp-content\/uploads\/2025\/10\/porto2-200x150.webp 200w\" sizes=\"auto, (max-width: 435px) 100vw, 435px\" \/><\/p>\n<h3><b><span data-contrast=\"auto\">O desafio da desconex\u00e3o na cadeia log\u00edstica<\/span><\/b><\/h3>\n<p><span data-contrast=\"auto\">A log\u00edstica do agroneg\u00f3cio ainda enfrenta um desafio cl\u00e1ssico: <\/span><b><span data-contrast=\"auto\">informa\u00e7\u00f5es descentralizadas e sistemas que n\u00e3o conversam entre si<\/span><\/b><span data-contrast=\"auto\">. Planilhas, plataformas isoladas e relat\u00f3rios manuais dificultam a consolida\u00e7\u00e3o dos dados e aumentam o risco de decis\u00f5es baseadas em estimativas.<\/span><span data-ccp-props=\"{}\">\u00a0<\/span><\/p>\n<p><span data-contrast=\"auto\">Essa desconex\u00e3o gera impactos diretos no desempenho operacional:<\/span><span data-ccp-props=\"{}\">\u00a0<\/span><\/p>\n<ul>\n<li><span data-contrast=\"auto\">Dificuldade para calcular o saldo produtivo real das propriedades;<\/span><span data-ccp-props=\"{}\">\u00a0<\/span><\/li>\n<li><span data-contrast=\"auto\">Gargalos em origina\u00e7\u00e3o e transporte;<\/span><span data-ccp-props=\"{}\">\u00a0<\/span><\/li>\n<li><span data-contrast=\"auto\">Exposi\u00e7\u00e3o a riscos socioambientais e financeiros;<\/span><span data-ccp-props=\"{}\">\u00a0<\/span><\/li>\n<li><span data-contrast=\"auto\">Perdas de margem por falta de visibilidade integrada.<\/span><span data-ccp-props=\"{}\">\u00a0<\/span><\/li>\n<\/ul>\n<h3><b><span data-contrast=\"auto\">O poder dos dados territoriais<\/span><\/b><span data-ccp-props=\"{}\">\u00a0<\/span><\/h3>\n<p><span data-contrast=\"auto\">Com o avan\u00e7o da <\/span><b><span data-contrast=\"auto\">intelig\u00eancia geoespacial<\/span><\/b><span data-contrast=\"auto\"> e o acesso a bases de dados p\u00fablicas e privadas, \u00e9 poss\u00edvel integrar informa\u00e7\u00f5es antes fragmentadas. Plataformas baseadas em dados territoriais permitem:<\/span><span data-ccp-props=\"{}\">\u00a0<\/span><\/p>\n<ul>\n<li><b><span data-contrast=\"auto\">Monitorar \u00e1reas produtivas em tempo quase real<\/span><\/b><span data-contrast=\"auto\">, com apoio de imagens de sat\u00e9lite e s\u00e9ries hist\u00f3ricas;<\/span><span data-ccp-props=\"{}\">\u00a0<\/span><\/li>\n<li><b><span data-contrast=\"auto\">Calcular automaticamente a capacidade produtiva de cada propriedade<\/span><\/b><span data-contrast=\"auto\">, evitando sobreoferta ou inconsist\u00eancias comerciais;<\/span><span data-ccp-props=\"{}\">\u00a0<\/span><\/li>\n<li><b><span data-contrast=\"auto\">Cruzar vari\u00e1veis ambientais, clim\u00e1ticas e de conformidade<\/span><\/b><span data-contrast=\"auto\">, antecipando riscos de embargo ou de desmatamento;<\/span><span data-ccp-props=\"{}\">\u00a0<\/span><\/li>\n<li><b><span data-contrast=\"auto\">Apoiar decis\u00f5es log\u00edsticas e de cr\u00e9dito<\/span><\/b><span data-contrast=\"auto\">, com base em indicadores de produtividade, infraestrutura e risco territorial.<\/span><span data-ccp-props=\"{}\">\u00a0<\/span><\/li>\n<\/ul>\n<p><span data-contrast=\"auto\">Essas informa\u00e7\u00f5es tornam-se a base para <\/span><b><span data-contrast=\"auto\">planejar rotas, prever gargalos e otimizar recursos log\u00edsticos<\/span><\/b><span data-contrast=\"auto\">, resultando em redu\u00e7\u00e3o de custos e aumento de produtividade em toda a cadeia.<\/span><span data-ccp-props=\"{}\">\u00a0<\/span><\/p>\n<h3><b><span data-contrast=\"auto\">Intelig\u00eancia aplicada: integra\u00e7\u00e3o e previsibilidade<\/span><\/b><span data-ccp-props=\"{}\">\u00a0<\/span><\/h3>\n<p><span data-contrast=\"auto\">Solu\u00e7\u00f5es digitais especializadas no agroneg\u00f3cio v\u00eam integrando fontes de dados diversas em <\/span><b><span data-contrast=\"auto\">plataformas \u00fanicas de an\u00e1lise,<\/span><\/b><span data-contrast=\"auto\"> como: informa\u00e7\u00f5es socioambientais, registros de cr\u00e9dito e dados de campo.<\/span><br \/>\n<span data-contrast=\"auto\">Ao cruzar essas informa\u00e7\u00f5es, \u00e9 poss\u00edvel identificar o comportamento produtivo das regi\u00f5es, mapear \u00e1reas de risco e gerar <\/span><b><span data-contrast=\"auto\">modelos preditivos para origina\u00e7\u00e3o e transporte<\/span><\/b><span data-contrast=\"auto\">.<\/span><span data-ccp-props=\"{}\">\u00a0<\/span><\/p>\n<p><span data-contrast=\"auto\">Ferramentas capazes de calcular automaticamente o <\/span><b><span data-contrast=\"auto\">saldo produtivo<\/span><\/b><span data-contrast=\"auto\"> (quanto uma \u00e1rea pode efetivamente produzir) permitem ajustar contratos de compra, reduzir perdas e planejar embarques com mais precis\u00e3o.<\/span><br \/>\n<span data-contrast=\"auto\">Com essa visibilidade, <\/span><b><span data-contrast=\"auto\">o gestor log\u00edstico deixa de reagir ao cen\u00e1rio e passa a antecip\u00e1-lo<\/span><\/b><span data-contrast=\"auto\">.<\/span><span data-ccp-props=\"{}\">\u00a0<\/span><\/p>\n<p><img loading=\"lazy\" decoding=\"async\" class=\"alignnone wp-image-792\" src=\"https:\/\/vegamonitoramento.com.br\/blog\/wp-content\/uploads\/2025\/09\/Agro-26-300x169.png\" alt=\"\" width=\"483\" height=\"272\" srcset=\"https:\/\/vegamonitoramento.com.br\/blog\/wp-content\/uploads\/2025\/09\/Agro-26-300x169.png 300w, https:\/\/vegamonitoramento.com.br\/blog\/wp-content\/uploads\/2025\/09\/Agro-26-1024x576.png 1024w, https:\/\/vegamonitoramento.com.br\/blog\/wp-content\/uploads\/2025\/09\/Agro-26-768x432.png 768w, https:\/\/vegamonitoramento.com.br\/blog\/wp-content\/uploads\/2025\/09\/Agro-26-1536x864.png 1536w, https:\/\/vegamonitoramento.com.br\/blog\/wp-content\/uploads\/2025\/09\/Agro-26-2048x1152.png 2048w\" sizes=\"auto, (max-width: 483px) 100vw, 483px\" \/><\/p>\n<h3><b><span data-contrast=\"auto\">Do territ\u00f3rio \u00e0 efici\u00eancia operacional<\/span><\/b><span data-ccp-props=\"{}\">\u00a0<\/span><\/h3>\n<p><span data-contrast=\"auto\">Ao adotar uma vis\u00e3o territorial integrada, as empresas conseguem <\/span><b><span data-contrast=\"auto\">alinhar produ\u00e7\u00e3o, certifica\u00e7\u00e3o e log\u00edstica<\/span><\/b><span data-contrast=\"auto\"> em uma \u00fanica estrutura de dados.<\/span><br \/>\n<span data-contrast=\"auto\">Essa converg\u00eancia traz ganhos tang\u00edveis:<\/span><span data-ccp-props=\"{}\">\u00a0<\/span><\/p>\n<ul>\n<li><b><span data-contrast=\"auto\">Menor ociosidade de frota e armaz\u00e9ns<\/span><\/b><span data-contrast=\"auto\">;<\/span><span data-ccp-props=\"{}\">\u00a0<\/span><\/li>\n<li><b><span data-contrast=\"auto\">Redu\u00e7\u00e3o de custos com deslocamentos desnecess\u00e1rios<\/span><\/b><span data-contrast=\"auto\">;<\/span><span data-ccp-props=\"{}\">\u00a0<\/span><\/li>\n<li><b><span data-contrast=\"auto\">Diminui\u00e7\u00e3o de perdas por falhas de sincroniza\u00e7\u00e3o entre colheita e transporte<\/span><\/b><span data-contrast=\"auto\">;<\/span><span data-ccp-props=\"{}\">\u00a0<\/span><\/li>\n<li><b><span data-contrast=\"auto\">Cumprimento automatizado de exig\u00eancias ESG e regulat\u00f3rias<\/span><\/b><span data-contrast=\"auto\">, como os protocolos EUDR e RTRS.<\/span><span data-ccp-props=\"{}\">\u00a0<\/span><\/li>\n<\/ul>\n<p><span data-contrast=\"auto\">O resultado \u00e9 um <\/span><b><span data-contrast=\"auto\">ROI operacional direto<\/span><\/b><span data-contrast=\"auto\">, proveniente da redu\u00e7\u00e3o de desperd\u00edcios, da mitiga\u00e7\u00e3o de riscos e do aumento da previsibilidade em toda a jornada do gr\u00e3o, da fazenda ao porto.<\/span><span data-ccp-props=\"{}\">\u00a0<\/span><\/p>\n<p><b><span data-contrast=\"auto\">O novo paradigma do agro eficiente<\/span><\/b><span data-ccp-props=\"{}\">\u00a0<\/span><\/p>\n<p><span data-contrast=\"auto\">Os dados territoriais est\u00e3o redefinindo a forma como o agroneg\u00f3cio planeja, executa e monitora suas opera\u00e7\u00f5es.<\/span><br \/>\n<span data-contrast=\"auto\">Mais do que uma ferramenta tecnol\u00f3gica, representam uma nova mentalidade: <\/span><b><span data-contrast=\"auto\">a de que efici\u00eancia log\u00edstica e sustentabilidade s\u00f3 existem quando o territ\u00f3rio \u00e9 conhecido, monitorado e integrado \u00e0s decis\u00f5es de neg\u00f3cio<\/span><\/b><span data-contrast=\"auto\">. No fim, quem domina o territ\u00f3rio, domina a opera\u00e7\u00e3o.<\/span><span data-ccp-props=\"{}\">\u00a0<\/span><\/p>\n<p><span data-contrast=\"auto\">Quer conhecer as solu\u00e7\u00f5es Vega? <\/span><\/p>\n<p><span data-contrast=\"auto\">Fale conosco: <\/span><a href=\"https:\/\/vegamonitoramento.com.br\/fale-conosco\/\"><span data-contrast=\"none\">https:\/\/vegamonitoramento.com.br\/fale-conosco\/<\/span><\/a><span data-ccp-props=\"{}\">\u00a0<\/span><\/p>\n","protected":false},"excerpt":{"rendered":"<p>A jornada de um gr\u00e3o, do campo ao porto, envolve centenas de vari\u00e1veis. Cada elo da cadeia &#8211;<\/p>\n","protected":false},"author":14,"featured_media":803,"comment_status":"closed","ping_status":"closed","sticky":false,"template":"","format":"standard","meta":{"_acf_changed":false,"om_disable_all_campaigns":false,"_monsterinsights_skip_tracking":false,"_monsterinsights_sitenote_active":false,"_monsterinsights_sitenote_note":"","_monsterinsights_sitenote_category":0,"footnotes":""},"categories":[62],"tags":[],"class_list":["post-801","post","type-post","status-publish","format-standard","has-post-thumbnail","hentry","category-cadeia-do-grao"],"acf":[],"relative_dates":{"created":"7 meses ago","modified":"7 meses ago"},"yoast_head":"<!-- This site is optimized with the Yoast SEO plugin v22.7 - https:\/\/yoast.com\/wordpress\/plugins\/seo\/ -->\n<title>Da fazenda ao porto: como os dados territoriais reduzem perdas e aumentam a efici\u00eancia log\u00edstica no agroneg\u00f3cio - Blog - Not\u00edcias do Agro - Vega Monitoramento<\/title>\n<meta name=\"robots\" content=\"index, follow, max-snippet:-1, max-image-preview:large, max-video-preview:-1\" \/>\n<link rel=\"canonical\" href=\"https:\/\/vegamonitoramento.com.br\/blog\/cadeia-do-grao\/da-fazenda-ao-porto\/\" \/>\n<meta property=\"og:locale\" content=\"pt_BR\" \/>\n<meta property=\"og:type\" content=\"article\" \/>\n<meta property=\"og:title\" content=\"Da fazenda ao porto: como os dados territoriais reduzem perdas e aumentam a efici\u00eancia log\u00edstica no agroneg\u00f3cio - Blog - Not\u00edcias do Agro - Vega Monitoramento\" \/>\n<meta property=\"og:description\" content=\"A jornada de um gr\u00e3o, do campo ao porto, envolve centenas de vari\u00e1veis. Cada elo da cadeia &#8211;\" \/>\n<meta property=\"og:url\" content=\"https:\/\/vegamonitoramento.com.br\/blog\/cadeia-do-grao\/da-fazenda-ao-porto\/\" \/>\n<meta property=\"og:site_name\" content=\"Blog - Not\u00edcias do Agro - Vega Monitoramento\" \/>\n<meta property=\"article:publisher\" content=\"https:\/\/www.facebook.com\/vegamonitoramentoetecnologia\" \/>\n<meta property=\"article:published_time\" content=\"2025-10-13T11:00:09+00:00\" \/>\n<meta property=\"article:modified_time\" content=\"2025-10-13T11:00:56+00:00\" \/>\n<meta property=\"og:image\" content=\"https:\/\/vegamonitoramento.com.br\/blog\/wp-content\/uploads\/2025\/10\/Imagem-blog-scaled.webp\" \/>\n\t<meta property=\"og:image:width\" content=\"2560\" \/>\n\t<meta property=\"og:image:height\" content=\"1706\" \/>\n\t<meta property=\"og:image:type\" content=\"image\/webp\" \/>\n<meta name=\"author\" content=\"D\u00e9bora Wiese\" \/>\n<meta name=\"twitter:card\" content=\"summary_large_image\" \/>\n<meta name=\"twitter:label1\" content=\"Escrito por\" \/>\n\t<meta name=\"twitter:data1\" content=\"D\u00e9bora Wiese\" \/>\n\t<meta name=\"twitter:label2\" content=\"Est. tempo de leitura\" \/>\n\t<meta name=\"twitter:data2\" content=\"4 minutos\" \/>\n<script type=\"application\/ld+json\" class=\"yoast-schema-graph\">{\"@context\":\"https:\/\/schema.org\",\"@graph\":[{\"@type\":\"Article\",\"@id\":\"https:\/\/vegamonitoramento.com.br\/blog\/cadeia-do-grao\/da-fazenda-ao-porto\/#article\",\"isPartOf\":{\"@id\":\"https:\/\/vegamonitoramento.com.br\/blog\/cadeia-do-grao\/da-fazenda-ao-porto\/\"},\"author\":{\"name\":\"D\u00e9bora Wiese\",\"@id\":\"https:\/\/vegamonitoramento.com.br\/blog\/#\/schema\/person\/b339d2dd5ba2ec56a00d3a6108b19a8e\"},\"headline\":\"Da fazenda ao porto: como os dados territoriais reduzem perdas e aumentam a efici\u00eancia log\u00edstica no agroneg\u00f3cio\",\"datePublished\":\"2025-10-13T11:00:09+00:00\",\"dateModified\":\"2025-10-13T11:00:56+00:00\",\"mainEntityOfPage\":{\"@id\":\"https:\/\/vegamonitoramento.com.br\/blog\/cadeia-do-grao\/da-fazenda-ao-porto\/\"},\"wordCount\":632,\"publisher\":{\"@id\":\"https:\/\/vegamonitoramento.com.br\/blog\/#organization\"},\"image\":{\"@id\":\"https:\/\/vegamonitoramento.com.br\/blog\/cadeia-do-grao\/da-fazenda-ao-porto\/#primaryimage\"},\"thumbnailUrl\":\"https:\/\/vegamonitoramento.com.br\/blog\/wp-content\/uploads\/2025\/10\/Imagem-blog-scaled.webp\",\"articleSection\":[\"Cadeia do gr\u00e3o\"],\"inLanguage\":\"pt-BR\"},{\"@type\":\"WebPage\",\"@id\":\"https:\/\/vegamonitoramento.com.br\/blog\/cadeia-do-grao\/da-fazenda-ao-porto\/\",\"url\":\"https:\/\/vegamonitoramento.com.br\/blog\/cadeia-do-grao\/da-fazenda-ao-porto\/\",\"name\":\"Da fazenda ao porto: como os dados territoriais reduzem perdas e aumentam a efici\u00eancia log\u00edstica no agroneg\u00f3cio - Blog - Not\u00edcias do Agro - Vega Monitoramento\",\"isPartOf\":{\"@id\":\"https:\/\/vegamonitoramento.com.br\/blog\/#website\"},\"primaryImageOfPage\":{\"@id\":\"https:\/\/vegamonitoramento.com.br\/blog\/cadeia-do-grao\/da-fazenda-ao-porto\/#primaryimage\"},\"image\":{\"@id\":\"https:\/\/vegamonitoramento.com.br\/blog\/cadeia-do-grao\/da-fazenda-ao-porto\/#primaryimage\"},\"thumbnailUrl\":\"https:\/\/vegamonitoramento.com.br\/blog\/wp-content\/uploads\/2025\/10\/Imagem-blog-scaled.webp\",\"datePublished\":\"2025-10-13T11:00:09+00:00\",\"dateModified\":\"2025-10-13T11:00:56+00:00\",\"breadcrumb\":{\"@id\":\"https:\/\/vegamonitoramento.com.br\/blog\/cadeia-do-grao\/da-fazenda-ao-porto\/#breadcrumb\"},\"inLanguage\":\"pt-BR\",\"potentialAction\":[{\"@type\":\"ReadAction\",\"target\":[\"https:\/\/vegamonitoramento.com.br\/blog\/cadeia-do-grao\/da-fazenda-ao-porto\/\"]}]},{\"@type\":\"ImageObject\",\"inLanguage\":\"pt-BR\",\"@id\":\"https:\/\/vegamonitoramento.com.br\/blog\/cadeia-do-grao\/da-fazenda-ao-porto\/#primaryimage\",\"url\":\"https:\/\/vegamonitoramento.com.br\/blog\/wp-content\/uploads\/2025\/10\/Imagem-blog-scaled.webp\",\"contentUrl\":\"https:\/\/vegamonitoramento.com.br\/blog\/wp-content\/uploads\/2025\/10\/Imagem-blog-scaled.webp\",\"width\":2560,\"height\":1706},{\"@type\":\"BreadcrumbList\",\"@id\":\"https:\/\/vegamonitoramento.com.br\/blog\/cadeia-do-grao\/da-fazenda-ao-porto\/#breadcrumb\",\"itemListElement\":[{\"@type\":\"ListItem\",\"position\":1,\"name\":\"In\u00edcio\",\"item\":\"https:\/\/vegamonitoramento.com.br\/blog\/\"},{\"@type\":\"ListItem\",\"position\":2,\"name\":\"Da fazenda ao porto: como os dados territoriais reduzem perdas e aumentam a efici\u00eancia log\u00edstica no agroneg\u00f3cio\"}]},{\"@type\":\"WebSite\",\"@id\":\"https:\/\/vegamonitoramento.com.br\/blog\/#website\",\"url\":\"https:\/\/vegamonitoramento.com.br\/blog\/\",\"name\":\"Blog - Not\u00edcias do Agro - Vega Monitoramento\",\"description\":\"Confira agora as \u00faltimas not\u00edcias do agro sob a perspectiva especializada da equipe Vega Monitoramento. Clique para acessar!\",\"publisher\":{\"@id\":\"https:\/\/vegamonitoramento.com.br\/blog\/#organization\"},\"potentialAction\":[{\"@type\":\"SearchAction\",\"target\":{\"@type\":\"EntryPoint\",\"urlTemplate\":\"https:\/\/vegamonitoramento.com.br\/blog\/?s={search_term_string}\"},\"query-input\":\"required name=search_term_string\"}],\"inLanguage\":\"pt-BR\"},{\"@type\":\"Organization\",\"@id\":\"https:\/\/vegamonitoramento.com.br\/blog\/#organization\",\"name\":\"Blog - Not\u00edcias do Agro - Vega Monitoramento\",\"url\":\"https:\/\/vegamonitoramento.com.br\/blog\/\",\"logo\":{\"@type\":\"ImageObject\",\"inLanguage\":\"pt-BR\",\"@id\":\"https:\/\/vegamonitoramento.com.br\/blog\/#\/schema\/logo\/image\/\",\"url\":\"https:\/\/vegamonitoramento.com.br\/blog\/wp-content\/uploads\/2025\/08\/logo-site-webp-e1755787174447.webp\",\"contentUrl\":\"https:\/\/vegamonitoramento.com.br\/blog\/wp-content\/uploads\/2025\/08\/logo-site-webp-e1755787174447.webp\",\"width\":150,\"height\":50,\"caption\":\"Blog - Not\u00edcias do Agro - Vega Monitoramento\"},\"image\":{\"@id\":\"https:\/\/vegamonitoramento.com.br\/blog\/#\/schema\/logo\/image\/\"},\"sameAs\":[\"https:\/\/www.facebook.com\/vegamonitoramentoetecnologia\",\"https:\/\/www.instagram.com\/vegamonitoramento\/\",\"https:\/\/www.linkedin.com\/company\/vega-monitoramento\/?viewAsMember=true\",\"https:\/\/www.youtube.com\/channel\/UCRqcOTBq8JOBi8Bw1RGA80Q\"]},{\"@type\":\"Person\",\"@id\":\"https:\/\/vegamonitoramento.com.br\/blog\/#\/schema\/person\/b339d2dd5ba2ec56a00d3a6108b19a8e\",\"name\":\"D\u00e9bora Wiese\",\"image\":{\"@type\":\"ImageObject\",\"inLanguage\":\"pt-BR\",\"@id\":\"https:\/\/vegamonitoramento.com.br\/blog\/#\/schema\/person\/image\/\",\"url\":\"https:\/\/secure.gravatar.com\/avatar\/f639acc08f899382380f7c298dc2e04d16e4ca8a9a2415822a6df4cc83e82ee3?s=96&d=mm&r=g\",\"contentUrl\":\"https:\/\/secure.gravatar.com\/avatar\/f639acc08f899382380f7c298dc2e04d16e4ca8a9a2415822a6df4cc83e82ee3?s=96&d=mm&r=g\",\"caption\":\"D\u00e9bora Wiese\"}}]}<\/script>\n<!-- \/ Yoast SEO plugin. -->","yoast_head_json":{"title":"Da fazenda ao porto: como os dados territoriais reduzem perdas e aumentam a efici\u00eancia log\u00edstica no agroneg\u00f3cio - Blog - Not\u00edcias do Agro - Vega Monitoramento","robots":{"index":"index","follow":"follow","max-snippet":"max-snippet:-1","max-image-preview":"max-image-preview:large","max-video-preview":"max-video-preview:-1"},"canonical":"https:\/\/vegamonitoramento.com.br\/blog\/cadeia-do-grao\/da-fazenda-ao-porto\/","og_locale":"pt_BR","og_type":"article","og_title":"Da fazenda ao porto: como os dados territoriais reduzem perdas e aumentam a efici\u00eancia log\u00edstica no agroneg\u00f3cio - Blog - Not\u00edcias do Agro - Vega Monitoramento","og_description":"A jornada de um gr\u00e3o, do campo ao porto, envolve centenas de vari\u00e1veis. Cada elo da cadeia &#8211;","og_url":"https:\/\/vegamonitoramento.com.br\/blog\/cadeia-do-grao\/da-fazenda-ao-porto\/","og_site_name":"Blog - Not\u00edcias do Agro - Vega Monitoramento","article_publisher":"https:\/\/www.facebook.com\/vegamonitoramentoetecnologia","article_published_time":"2025-10-13T11:00:09+00:00","article_modified_time":"2025-10-13T11:00:56+00:00","og_image":[{"width":2560,"height":1706,"url":"https:\/\/vegamonitoramento.com.br\/blog\/wp-content\/uploads\/2025\/10\/Imagem-blog-scaled.webp","type":"image\/webp"}],"author":"D\u00e9bora Wiese","twitter_card":"summary_large_image","twitter_misc":{"Escrito por":"D\u00e9bora Wiese","Est. tempo de leitura":"4 minutos"},"schema":{"@context":"https:\/\/schema.org","@graph":[{"@type":"Article","@id":"https:\/\/vegamonitoramento.com.br\/blog\/cadeia-do-grao\/da-fazenda-ao-porto\/#article","isPartOf":{"@id":"https:\/\/vegamonitoramento.com.br\/blog\/cadeia-do-grao\/da-fazenda-ao-porto\/"},"author":{"name":"D\u00e9bora Wiese","@id":"https:\/\/vegamonitoramento.com.br\/blog\/#\/schema\/person\/b339d2dd5ba2ec56a00d3a6108b19a8e"},"headline":"Da fazenda ao porto: como os dados territoriais reduzem perdas e aumentam a efici\u00eancia log\u00edstica no agroneg\u00f3cio","datePublished":"2025-10-13T11:00:09+00:00","dateModified":"2025-10-13T11:00:56+00:00","mainEntityOfPage":{"@id":"https:\/\/vegamonitoramento.com.br\/blog\/cadeia-do-grao\/da-fazenda-ao-porto\/"},"wordCount":632,"publisher":{"@id":"https:\/\/vegamonitoramento.com.br\/blog\/#organization"},"image":{"@id":"https:\/\/vegamonitoramento.com.br\/blog\/cadeia-do-grao\/da-fazenda-ao-porto\/#primaryimage"},"thumbnailUrl":"https:\/\/vegamonitoramento.com.br\/blog\/wp-content\/uploads\/2025\/10\/Imagem-blog-scaled.webp","articleSection":["Cadeia do gr\u00e3o"],"inLanguage":"pt-BR"},{"@type":"WebPage","@id":"https:\/\/vegamonitoramento.com.br\/blog\/cadeia-do-grao\/da-fazenda-ao-porto\/","url":"https:\/\/vegamonitoramento.com.br\/blog\/cadeia-do-grao\/da-fazenda-ao-porto\/","name":"Da fazenda ao porto: como os dados territoriais reduzem perdas e aumentam a efici\u00eancia log\u00edstica no agroneg\u00f3cio - Blog - Not\u00edcias do Agro - Vega Monitoramento","isPartOf":{"@id":"https:\/\/vegamonitoramento.com.br\/blog\/#website"},"primaryImageOfPage":{"@id":"https:\/\/vegamonitoramento.com.br\/blog\/cadeia-do-grao\/da-fazenda-ao-porto\/#primaryimage"},"image":{"@id":"https:\/\/vegamonitoramento.com.br\/blog\/cadeia-do-grao\/da-fazenda-ao-porto\/#primaryimage"},"thumbnailUrl":"https:\/\/vegamonitoramento.com.br\/blog\/wp-content\/uploads\/2025\/10\/Imagem-blog-scaled.webp","datePublished":"2025-10-13T11:00:09+00:00","dateModified":"2025-10-13T11:00:56+00:00","breadcrumb":{"@id":"https:\/\/vegamonitoramento.com.br\/blog\/cadeia-do-grao\/da-fazenda-ao-porto\/#breadcrumb"},"inLanguage":"pt-BR","potentialAction":[{"@type":"ReadAction","target":["https:\/\/vegamonitoramento.com.br\/blog\/cadeia-do-grao\/da-fazenda-ao-porto\/"]}]},{"@type":"ImageObject","inLanguage":"pt-BR","@id":"https:\/\/vegamonitoramento.com.br\/blog\/cadeia-do-grao\/da-fazenda-ao-porto\/#primaryimage","url":"https:\/\/vegamonitoramento.com.br\/blog\/wp-content\/uploads\/2025\/10\/Imagem-blog-scaled.webp","contentUrl":"https:\/\/vegamonitoramento.com.br\/blog\/wp-content\/uploads\/2025\/10\/Imagem-blog-scaled.webp","width":2560,"height":1706},{"@type":"BreadcrumbList","@id":"https:\/\/vegamonitoramento.com.br\/blog\/cadeia-do-grao\/da-fazenda-ao-porto\/#breadcrumb","itemListElement":[{"@type":"ListItem","position":1,"name":"In\u00edcio","item":"https:\/\/vegamonitoramento.com.br\/blog\/"},{"@type":"ListItem","position":2,"name":"Da fazenda ao porto: como os dados territoriais reduzem perdas e aumentam a efici\u00eancia log\u00edstica no agroneg\u00f3cio"}]},{"@type":"WebSite","@id":"https:\/\/vegamonitoramento.com.br\/blog\/#website","url":"https:\/\/vegamonitoramento.com.br\/blog\/","name":"Blog - Not\u00edcias do Agro - Vega Monitoramento","description":"Confira agora as \u00faltimas not\u00edcias do agro sob a perspectiva especializada da equipe Vega Monitoramento. Clique para acessar!","publisher":{"@id":"https:\/\/vegamonitoramento.com.br\/blog\/#organization"},"potentialAction":[{"@type":"SearchAction","target":{"@type":"EntryPoint","urlTemplate":"https:\/\/vegamonitoramento.com.br\/blog\/?s={search_term_string}"},"query-input":"required name=search_term_string"}],"inLanguage":"pt-BR"},{"@type":"Organization","@id":"https:\/\/vegamonitoramento.com.br\/blog\/#organization","name":"Blog - Not\u00edcias do Agro - Vega Monitoramento","url":"https:\/\/vegamonitoramento.com.br\/blog\/","logo":{"@type":"ImageObject","inLanguage":"pt-BR","@id":"https:\/\/vegamonitoramento.com.br\/blog\/#\/schema\/logo\/image\/","url":"https:\/\/vegamonitoramento.com.br\/blog\/wp-content\/uploads\/2025\/08\/logo-site-webp-e1755787174447.webp","contentUrl":"https:\/\/vegamonitoramento.com.br\/blog\/wp-content\/uploads\/2025\/08\/logo-site-webp-e1755787174447.webp","width":150,"height":50,"caption":"Blog - Not\u00edcias do Agro - Vega Monitoramento"},"image":{"@id":"https:\/\/vegamonitoramento.com.br\/blog\/#\/schema\/logo\/image\/"},"sameAs":["https:\/\/www.facebook.com\/vegamonitoramentoetecnologia","https:\/\/www.instagram.com\/vegamonitoramento\/","https:\/\/www.linkedin.com\/company\/vega-monitoramento\/?viewAsMember=true","https:\/\/www.youtube.com\/channel\/UCRqcOTBq8JOBi8Bw1RGA80Q"]},{"@type":"Person","@id":"https:\/\/vegamonitoramento.com.br\/blog\/#\/schema\/person\/b339d2dd5ba2ec56a00d3a6108b19a8e","name":"D\u00e9bora Wiese","image":{"@type":"ImageObject","inLanguage":"pt-BR","@id":"https:\/\/vegamonitoramento.com.br\/blog\/#\/schema\/person\/image\/","url":"https:\/\/secure.gravatar.com\/avatar\/f639acc08f899382380f7c298dc2e04d16e4ca8a9a2415822a6df4cc83e82ee3?s=96&d=mm&r=g","contentUrl":"https:\/\/secure.gravatar.com\/avatar\/f639acc08f899382380f7c298dc2e04d16e4ca8a9a2415822a6df4cc83e82ee3?s=96&d=mm&r=g","caption":"D\u00e9bora Wiese"}}]}},"jetpack_featured_media_url":"https:\/\/vegamonitoramento.com.br\/blog\/wp-content\/uploads\/2025\/10\/Imagem-blog-scaled.webp","_links":{"self":[{"href":"https:\/\/vegamonitoramento.com.br\/blog\/wp-json\/wp\/v2\/posts\/801","targetHints":{"allow":["GET"]}}],"collection":[{"href":"https:\/\/vegamonitoramento.com.br\/blog\/wp-json\/wp\/v2\/posts"}],"about":[{"href":"https:\/\/vegamonitoramento.com.br\/blog\/wp-json\/wp\/v2\/types\/post"}],"author":[{"embeddable":true,"href":"https:\/\/vegamonitoramento.com.br\/blog\/wp-json\/wp\/v2\/users\/14"}],"replies":[{"embeddable":true,"href":"https:\/\/vegamonitoramento.com.br\/blog\/wp-json\/wp\/v2\/comments?post=801"}],"version-history":[{"count":7,"href":"https:\/\/vegamonitoramento.com.br\/blog\/wp-json\/wp\/v2\/posts\/801\/revisions"}],"predecessor-version":[{"id":813,"href":"https:\/\/vegamonitoramento.com.br\/blog\/wp-json\/wp\/v2\/posts\/801\/revisions\/813"}],"wp:featuredmedia":[{"embeddable":true,"href":"https:\/\/vegamonitoramento.com.br\/blog\/wp-json\/wp\/v2\/media\/803"}],"wp:attachment":[{"href":"https:\/\/vegamonitoramento.com.br\/blog\/wp-json\/wp\/v2\/media?parent=801"}],"wp:term":[{"taxonomy":"category","embeddable":true,"href":"https:\/\/vegamonitoramento.com.br\/blog\/wp-json\/wp\/v2\/categories?post=801"},{"taxonomy":"post_tag","embeddable":true,"href":"https:\/\/vegamonitoramento.com.br\/blog\/wp-json\/wp\/v2\/tags?post=801"}],"curies":[{"name":"wp","href":"https:\/\/api.w.org\/{rel}","templated":true}]}}