{"id":673,"date":"2024-04-10T17:32:03","date_gmt":"2024-04-10T20:32:03","guid":{"rendered":"https:\/\/vegamonitoramento.com.br\/blog\/?p=673"},"modified":"2024-05-21T16:56:41","modified_gmt":"2024-05-21T19:56:41","slug":"ativos-ambientais-o-que-sao-para-que-servem","status":"publish","type":"post","link":"https:\/\/vegamonitoramento.com.br\/blog\/sustentabilidade\/ativos-ambientais-o-que-sao-para-que-servem\/","title":{"rendered":"Ativos ambientais: o que s\u00e3o, para que servem e porque s\u00e3o essenciais para a cadeia produtiva do agroneg\u00f3cio"},"content":{"rendered":"<p>A <a href=\"https:\/\/www.gov.br\/ibama\/pt-br\/assuntos\/laf\/legislacao\/legislacao#:~:text=Disp%C3%B5e%20sobre%20a%20Pol%C3%ADtica%20Nacional,aplica%C3%A7%C3%A3o%2C%20e%20d%C3%A1%20outras%20provid%C3%AAncias.&amp;text=Regulamenta%20o%20art.,Natureza%20e%20d%C3%A1%20outras%20provid%C3%AAncias.\" target=\"_blank\" rel=\"noopener\">legisla\u00e7\u00e3o ambiental brasileira<\/a> busca, cada vez mais, a neutraliza\u00e7\u00e3o dos impactos negativos causados pelo homem ao meio ambiente. Por meio de medidas como a reciclagem, a redu\u00e7\u00e3o de emiss\u00f5es de gases do efeito estufa e a <a href=\"https:\/\/sinir.gov.br\/perfis\/logistica-reversa\/logistica-reversa\/\" target=\"_blank\" rel=\"noopener\">log\u00edstica reversa<\/a>, as empresas que formam a <strong>cadeia produtiva do agroneg\u00f3cio<\/strong>, juntamente com o agricultor, precisam ter aquilo que chamamos de responsabilidade socioambiental: na pr\u00e1tica, minimizar os impactos negativos de suas atividades e contribuir para a sustentabilidade do planeta.<\/p>\n<p>Com isso, o que a lei deseja refletir \u00e9 uma vis\u00e3o consciente e comprometida com a preserva\u00e7\u00e3o da natureza e com o bem-estar social, reconhecendo que o desenvolvimento econ\u00f4mico deve estar alinhado com a prote\u00e7\u00e3o do meio ambiente e com o desenvolvimento social. Mas, onde entram os <strong>ativos ambientais<\/strong> nesse contexto?<\/p>\n<p>Os <strong>ativos ambientais<\/strong> s\u00e3o parte integrante do contexto da responsabilidade socioambiental no agroneg\u00f3cio, pois representam a base sobre a qual a atividade agr\u00edcola depende e impacta.<\/p>\n<h2>Afinal, o que s\u00e3o ativos ambientais?<\/h2>\n<p><strong>Ativos ambientais<\/strong> representam investimentos realizados por empresas com o prop\u00f3sito de <a href=\"https:\/\/vegamonitoramento.com.br\/blog\/artigo\/riscos-socioambientais\/\" target=\"_blank\" rel=\"noopener\">mitigar os impactos ambientais<\/a> de suas opera\u00e7\u00f5es, mesmo que os benef\u00edcios sejam percebidos apenas a longo prazo. Tais recursos s\u00e3o direcionados para a elimina\u00e7\u00e3o ou redu\u00e7\u00e3o de danos ao meio ambiente, indo al\u00e9m das exig\u00eancias legais. Alguns exemplos, s\u00e3o:<\/p>\n<ul>\n<li>Implementa\u00e7\u00e3o de tecnologias limpas: Investir em processos produtivos mais eficientes e menos poluentes;<\/li>\n<li>Tratamento de efluentes: Adotar sistemas que garantam a devolu\u00e7\u00e3o da \u00e1gua ao meio ambiente em condi\u00e7\u00f5es adequadas;<\/li>\n<li>Reciclagem de materiais: Reduzir o consumo de recursos naturais e o volume de res\u00edduos gerados;<\/li>\n<li>Reflorestamento: Recuperar \u00e1reas degradadas e aumentar a biodiversidade.<\/li>\n<li>Compra de cr\u00e9ditos de carbono: Compensar as emiss\u00f5es de gases do efeito estufa.<\/li>\n<\/ul>\n<h2>Qual a diferen\u00e7a entre passivo ambiental e ativo ambiental?<\/h2>\n<p><strong>Ativos ambientais<\/strong> representam uma oportunidade para organiza\u00e7\u00f5es se destacarem no mercado, assumindo um papel de lideran\u00e7a, investindo em pr\u00e1ticas ambientalmente respons\u00e1veis e gerando benef\u00edcios para a empresa, para o meio ambiente e para a sociedade como um todo.<\/p>\n<p>Em contrapartida, os <strong>passivos ambientais<\/strong> s\u00e3o o resultado de danos causados ao meio ambiente pelas atividades de uma companhia. Ele representa a obriga\u00e7\u00e3o legal e moral da empresa de reparar esses danos, assumindo os custos de recupera\u00e7\u00e3o e compensa\u00e7\u00e3o ambiental, como a contamina\u00e7\u00e3o do solo e da \u00e1gua, a degrada\u00e7\u00e3o de \u00e1reas florestais, a polui\u00e7\u00e3o do ar e a emiss\u00e3o de gases de efeito estufa.<\/p>\n<p><img loading=\"lazy\" decoding=\"async\" class=\"size-full wp-image-675 alignnone\" src=\"https:\/\/vegamonitoramento.com.br\/blog\/wp-content\/uploads\/2024\/04\/ativo-e-passivo-ambiental-scaled.jpg\" alt=\"qual a diferen\u00e7a entre passivo ambiental e ativo ambiental\" width=\"2560\" height=\"1707\" srcset=\"https:\/\/vegamonitoramento.com.br\/blog\/wp-content\/uploads\/2024\/04\/ativo-e-passivo-ambiental-scaled.jpg 2560w, https:\/\/vegamonitoramento.com.br\/blog\/wp-content\/uploads\/2024\/04\/ativo-e-passivo-ambiental-300x200.jpg 300w, https:\/\/vegamonitoramento.com.br\/blog\/wp-content\/uploads\/2024\/04\/ativo-e-passivo-ambiental-1024x683.jpg 1024w, https:\/\/vegamonitoramento.com.br\/blog\/wp-content\/uploads\/2024\/04\/ativo-e-passivo-ambiental-768x512.jpg 768w, https:\/\/vegamonitoramento.com.br\/blog\/wp-content\/uploads\/2024\/04\/ativo-e-passivo-ambiental-1536x1024.jpg 1536w, https:\/\/vegamonitoramento.com.br\/blog\/wp-content\/uploads\/2024\/04\/ativo-e-passivo-ambiental-2048x1365.jpg 2048w, https:\/\/vegamonitoramento.com.br\/blog\/wp-content\/uploads\/2024\/04\/ativo-e-passivo-ambiental-900x600.jpg 900w\" sizes=\"auto, (max-width: 2560px) 100vw, 2560px\" \/><\/p>\n<p>A gest\u00e3o adequada de ambos \u00e9 fundamental para a responsabilidade social e ambiental das empresas ligadas ao agroneg\u00f3cio. Ao investir em pr\u00e1ticas sustent\u00e1veis, bancos, cooperativas de cr\u00e9dito, revendedoras de gr\u00e3os, tradings, ind\u00fastrias e outros tipos de organiza\u00e7\u00e3o podem minimizar seus impactos negativos no meio ambiente e construir um futuro mais verde.<\/p>\n<h2>5 raz\u00f5es para n\u00e3o ignorar a gest\u00e3o de ativos ambientais<\/h2>\n<ul>\n<li>Impactos ambientais adversos<\/li>\n<li>Riscos regulat\u00f3rios e legais<\/li>\n<li>Impactos econ\u00f4micos<\/li>\n<li>Riscos de reputa\u00e7\u00e3o<\/li>\n<li>Press\u00e3o dos stakeholders<\/li>\n<\/ul>\n<p>Quando as empresas ignoram a <strong>gest\u00e3o dos ativos ambientais<\/strong>, est\u00e3o sujeitas a uma s\u00e9rie de consequ\u00eancias negativas, tanto do ponto de vista ambiental quanto econ\u00f4mico e reputacional.<\/p>\n<p>Para citar alguns exemplos, ignorar a <strong>gest\u00e3o dos ativos ambientais<\/strong> pode levar a pr\u00e1ticas insustent\u00e1veis que resultam em danos significativos ao meio ambiente, como polui\u00e7\u00e3o do ar, da \u00e1gua e do solo, perda de biodiversidade, desmatamento e esgotamento de recursos naturais. Al\u00e9m disso, a falta de conformidade com <strong>regulamenta\u00e7\u00f5es ambientais<\/strong> pode resultar em multas, penalidades legais, restri\u00e7\u00f5es operacionais e at\u00e9 mesmo a\u00e7\u00f5es judiciais por parte das autoridades governamentais e de organiza\u00e7\u00f5es n\u00e3o governamentais (ONGs) ambientais.<\/p>\n<p>Quanto aos <a href=\"https:\/\/valor.globo.com\/empresas\/esg\/artigo\/o-risco-reputacional-e-a-pauta-esg.ghtml\" target=\"_blank\" rel=\"noopener\">riscos de reputa\u00e7\u00e3o<\/a>, empresas ligadas ao agroneg\u00f3cio que ignoram a gest\u00e3o dos ativos ambientais podem enfrentar danos significativos \u00e0 sua reputa\u00e7\u00e3o e imagem de marca, especialmente em uma era em que os consumidores est\u00e3o cada vez mais conscientes e exigentes em rela\u00e7\u00e3o \u00e0 sustentabilidade. Os stakeholders, incluindo clientes, investidores, comunidades locais e grupos ambientais, podem exercer press\u00e3o sobre as empresas para que adotem pr\u00e1ticas mais sustent\u00e1veis e respons\u00e1veis em rela\u00e7\u00e3o ao meio ambiente.<\/p>\n<h2>Use a tecnologia como ferramenta de gest\u00e3o dos ativos ambientais<\/h2>\n<p>A VEGA, atrav\u00e9s da <a href=\"https:\/\/vegamonitoramento.com.br\/lyra\/\" target=\"_blank\" rel=\"noopener\">plataforma LYRA<\/a> e utilizando tecnologias de sensoriamento remoto e an\u00e1lise de dados, estabelece a rastreabilidade da fonte, realiza avalia\u00e7\u00f5es socioambientais de indiv\u00edduos, organiza\u00e7\u00f5es e \u00e1reas geogr\u00e1ficas, monitora as condi\u00e7\u00f5es clim\u00e1ticas para a agricultura e promove uma vis\u00e3o hol\u00edstica do territ\u00f3rio.<\/p>\n<p>Essa abordagem incorpora informa\u00e7\u00f5es tanto de fontes p\u00fablicas quanto privadas sobre riscos sociais, ambientais e agr\u00edcolas, permitindo a agrega\u00e7\u00e3o de valor e a mitiga\u00e7\u00e3o de riscos em rela\u00e7\u00e3o \u00e0 reputa\u00e7\u00e3o e \u00e0s negocia\u00e7\u00f5es.<\/p>\n<p>Entre em contato para saber como a nossa tecnologia pode ajudar seu neg\u00f3cio a n\u00e3o s\u00f3 realizar a <strong>gest\u00e3o dos ativos ambientais<\/strong>, mas contribuir para o aumento da lucratividade atrav\u00e9s do desenvolvimento sustent\u00e1vel.<\/p>\n<p><a href=\"https:\/\/vegamonitoramento.com.br\/lyra\/\" target=\"_blank\" rel=\"noopener\"><img loading=\"lazy\" decoding=\"async\" class=\"aligncenter wp-image-634 size-full\" title=\"plataforma agroambiental\" src=\"https:\/\/vegamonitoramento.com.br\/blog\/wp-content\/uploads\/2023\/12\/banner-central.png\" alt=\"plataforma lyra\" width=\"800\" height=\"450\" srcset=\"https:\/\/vegamonitoramento.com.br\/blog\/wp-content\/uploads\/2023\/12\/banner-central.png 800w, https:\/\/vegamonitoramento.com.br\/blog\/wp-content\/uploads\/2023\/12\/banner-central-300x169.png 300w, https:\/\/vegamonitoramento.com.br\/blog\/wp-content\/uploads\/2023\/12\/banner-central-768x432.png 768w\" sizes=\"auto, (max-width: 800px) 100vw, 800px\" \/><\/a><\/p>\n","protected":false},"excerpt":{"rendered":"<p>A legisla\u00e7\u00e3o ambiental brasileira busca, cada vez mais, a neutraliza\u00e7\u00e3o dos impactos negativos causados pelo homem ao meio<\/p>\n","protected":false},"author":12,"featured_media":674,"comment_status":"closed","ping_status":"closed","sticky":false,"template":"","format":"standard","meta":{"_acf_changed":false,"om_disable_all_campaigns":false,"_monsterinsights_skip_tracking":false,"_monsterinsights_sitenote_active":false,"_monsterinsights_sitenote_note":"","_monsterinsights_sitenote_category":0,"footnotes":""},"categories":[26],"tags":[11,28,38,39],"class_list":["post-673","post","type-post","status-publish","format-standard","has-post-thumbnail","hentry","category-sustentabilidade","tag-agronegocio","tag-agronegocio-brasileiro","tag-ativos-ambientais","tag-cadeia-produtiva-do-agronegocio"],"acf":[],"relative_dates":{"created":"2 anos ago","modified":"2 anos ago"},"yoast_head":"<!-- This site is optimized with the Yoast SEO plugin v22.7 - https:\/\/yoast.com\/wordpress\/plugins\/seo\/ -->\n<title>Ativos Ambientais: o que s\u00e3o e para que servem no agroneg\u00f3cio<\/title>\n<meta name=\"description\" content=\"Entenda o que s\u00e3o ativos ambientais, a diferen\u00e7a de ativos e passivos ambientais, raz\u00f5es para n\u00e3o ignorar essa gest\u00e3o e muito mais!\" \/>\n<meta name=\"robots\" content=\"index, follow, max-snippet:-1, max-image-preview:large, max-video-preview:-1\" \/>\n<link rel=\"canonical\" href=\"https:\/\/vegamonitoramento.com.br\/blog\/sustentabilidade\/ativos-ambientais-o-que-sao-para-que-servem\/\" \/>\n<meta property=\"og:locale\" content=\"pt_BR\" \/>\n<meta property=\"og:type\" content=\"article\" \/>\n<meta property=\"og:title\" content=\"Ativos Ambientais: o que s\u00e3o e para que servem no agroneg\u00f3cio\" \/>\n<meta property=\"og:description\" content=\"Entenda o que s\u00e3o ativos ambientais, a diferen\u00e7a de ativos e passivos ambientais, raz\u00f5es para n\u00e3o ignorar essa gest\u00e3o e muito mais!\" \/>\n<meta property=\"og:url\" content=\"https:\/\/vegamonitoramento.com.br\/blog\/sustentabilidade\/ativos-ambientais-o-que-sao-para-que-servem\/\" \/>\n<meta property=\"og:site_name\" content=\"Blog - Not\u00edcias do Agro - Vega Monitoramento\" \/>\n<meta property=\"article:publisher\" content=\"https:\/\/www.facebook.com\/vegamonitoramentoetecnologia\" \/>\n<meta property=\"article:published_time\" content=\"2024-04-10T20:32:03+00:00\" \/>\n<meta property=\"article:modified_time\" content=\"2024-05-21T19:56:41+00:00\" \/>\n<meta property=\"og:image\" content=\"https:\/\/vegamonitoramento.com.br\/blog\/wp-content\/uploads\/2024\/04\/ativos-ambientais-scaled.jpg\" \/>\n\t<meta property=\"og:image:width\" content=\"2560\" \/>\n\t<meta property=\"og:image:height\" content=\"1708\" \/>\n\t<meta property=\"og:image:type\" content=\"image\/jpeg\" \/>\n<meta name=\"author\" content=\"Matheus Neves\" \/>\n<meta name=\"twitter:card\" content=\"summary_large_image\" \/>\n<meta name=\"twitter:label1\" content=\"Escrito por\" \/>\n\t<meta name=\"twitter:data1\" content=\"Matheus Neves\" \/>\n\t<meta name=\"twitter:label2\" content=\"Est. tempo de leitura\" \/>\n\t<meta name=\"twitter:data2\" content=\"5 minutos\" \/>\n<script type=\"application\/ld+json\" class=\"yoast-schema-graph\">{\"@context\":\"https:\/\/schema.org\",\"@graph\":[{\"@type\":\"Article\",\"@id\":\"https:\/\/vegamonitoramento.com.br\/blog\/sustentabilidade\/ativos-ambientais-o-que-sao-para-que-servem\/#article\",\"isPartOf\":{\"@id\":\"https:\/\/vegamonitoramento.com.br\/blog\/sustentabilidade\/ativos-ambientais-o-que-sao-para-que-servem\/\"},\"author\":{\"name\":\"Matheus Neves\",\"@id\":\"https:\/\/vegamonitoramento.com.br\/blog\/#\/schema\/person\/024e2d9e83ec7819414cf749a3ad0582\"},\"headline\":\"Ativos ambientais: o que s\u00e3o, para que servem e porque s\u00e3o essenciais para a cadeia produtiva do agroneg\u00f3cio\",\"datePublished\":\"2024-04-10T20:32:03+00:00\",\"dateModified\":\"2024-05-21T19:56:41+00:00\",\"mainEntityOfPage\":{\"@id\":\"https:\/\/vegamonitoramento.com.br\/blog\/sustentabilidade\/ativos-ambientais-o-que-sao-para-que-servem\/\"},\"wordCount\":885,\"publisher\":{\"@id\":\"https:\/\/vegamonitoramento.com.br\/blog\/#organization\"},\"image\":{\"@id\":\"https:\/\/vegamonitoramento.com.br\/blog\/sustentabilidade\/ativos-ambientais-o-que-sao-para-que-servem\/#primaryimage\"},\"thumbnailUrl\":\"https:\/\/vegamonitoramento.com.br\/blog\/wp-content\/uploads\/2024\/04\/ativos-ambientais-scaled.jpg\",\"keywords\":[\"Agroneg\u00f3cio\",\"agroneg\u00f3cio brasileiro\",\"ativos ambientais\",\"cadeia produtiva do agroneg\u00f3cio\"],\"articleSection\":[\"Sustentabilidade\"],\"inLanguage\":\"pt-BR\"},{\"@type\":\"WebPage\",\"@id\":\"https:\/\/vegamonitoramento.com.br\/blog\/sustentabilidade\/ativos-ambientais-o-que-sao-para-que-servem\/\",\"url\":\"https:\/\/vegamonitoramento.com.br\/blog\/sustentabilidade\/ativos-ambientais-o-que-sao-para-que-servem\/\",\"name\":\"Ativos Ambientais: o que s\u00e3o e para que servem no agroneg\u00f3cio\",\"isPartOf\":{\"@id\":\"https:\/\/vegamonitoramento.com.br\/blog\/#website\"},\"primaryImageOfPage\":{\"@id\":\"https:\/\/vegamonitoramento.com.br\/blog\/sustentabilidade\/ativos-ambientais-o-que-sao-para-que-servem\/#primaryimage\"},\"image\":{\"@id\":\"https:\/\/vegamonitoramento.com.br\/blog\/sustentabilidade\/ativos-ambientais-o-que-sao-para-que-servem\/#primaryimage\"},\"thumbnailUrl\":\"https:\/\/vegamonitoramento.com.br\/blog\/wp-content\/uploads\/2024\/04\/ativos-ambientais-scaled.jpg\",\"datePublished\":\"2024-04-10T20:32:03+00:00\",\"dateModified\":\"2024-05-21T19:56:41+00:00\",\"description\":\"Entenda o que s\u00e3o ativos ambientais, a diferen\u00e7a de ativos e passivos ambientais, raz\u00f5es para n\u00e3o ignorar essa gest\u00e3o e muito mais!\",\"breadcrumb\":{\"@id\":\"https:\/\/vegamonitoramento.com.br\/blog\/sustentabilidade\/ativos-ambientais-o-que-sao-para-que-servem\/#breadcrumb\"},\"inLanguage\":\"pt-BR\",\"potentialAction\":[{\"@type\":\"ReadAction\",\"target\":[\"https:\/\/vegamonitoramento.com.br\/blog\/sustentabilidade\/ativos-ambientais-o-que-sao-para-que-servem\/\"]}]},{\"@type\":\"ImageObject\",\"inLanguage\":\"pt-BR\",\"@id\":\"https:\/\/vegamonitoramento.com.br\/blog\/sustentabilidade\/ativos-ambientais-o-que-sao-para-que-servem\/#primaryimage\",\"url\":\"https:\/\/vegamonitoramento.com.br\/blog\/wp-content\/uploads\/2024\/04\/ativos-ambientais-scaled.jpg\",\"contentUrl\":\"https:\/\/vegamonitoramento.com.br\/blog\/wp-content\/uploads\/2024\/04\/ativos-ambientais-scaled.jpg\",\"width\":2560,\"height\":1708},{\"@type\":\"BreadcrumbList\",\"@id\":\"https:\/\/vegamonitoramento.com.br\/blog\/sustentabilidade\/ativos-ambientais-o-que-sao-para-que-servem\/#breadcrumb\",\"itemListElement\":[{\"@type\":\"ListItem\",\"position\":1,\"name\":\"In\u00edcio\",\"item\":\"https:\/\/vegamonitoramento.com.br\/blog\/\"},{\"@type\":\"ListItem\",\"position\":2,\"name\":\"Ativos ambientais: o que s\u00e3o, para que servem e porque s\u00e3o essenciais para a cadeia produtiva do agroneg\u00f3cio\"}]},{\"@type\":\"WebSite\",\"@id\":\"https:\/\/vegamonitoramento.com.br\/blog\/#website\",\"url\":\"https:\/\/vegamonitoramento.com.br\/blog\/\",\"name\":\"Blog - Not\u00edcias do Agro - Vega Monitoramento\",\"description\":\"Confira agora as \u00faltimas not\u00edcias do agro sob a perspectiva especializada da equipe Vega Monitoramento. Clique para acessar!\",\"publisher\":{\"@id\":\"https:\/\/vegamonitoramento.com.br\/blog\/#organization\"},\"potentialAction\":[{\"@type\":\"SearchAction\",\"target\":{\"@type\":\"EntryPoint\",\"urlTemplate\":\"https:\/\/vegamonitoramento.com.br\/blog\/?s={search_term_string}\"},\"query-input\":\"required name=search_term_string\"}],\"inLanguage\":\"pt-BR\"},{\"@type\":\"Organization\",\"@id\":\"https:\/\/vegamonitoramento.com.br\/blog\/#organization\",\"name\":\"Blog - Not\u00edcias do Agro - Vega Monitoramento\",\"url\":\"https:\/\/vegamonitoramento.com.br\/blog\/\",\"logo\":{\"@type\":\"ImageObject\",\"inLanguage\":\"pt-BR\",\"@id\":\"https:\/\/vegamonitoramento.com.br\/blog\/#\/schema\/logo\/image\/\",\"url\":\"https:\/\/vegamonitoramento.com.br\/blog\/wp-content\/uploads\/2025\/08\/logo-site-webp-e1755787174447.webp\",\"contentUrl\":\"https:\/\/vegamonitoramento.com.br\/blog\/wp-content\/uploads\/2025\/08\/logo-site-webp-e1755787174447.webp\",\"width\":150,\"height\":50,\"caption\":\"Blog - Not\u00edcias do Agro - Vega Monitoramento\"},\"image\":{\"@id\":\"https:\/\/vegamonitoramento.com.br\/blog\/#\/schema\/logo\/image\/\"},\"sameAs\":[\"https:\/\/www.facebook.com\/vegamonitoramentoetecnologia\",\"https:\/\/www.instagram.com\/vegamonitoramento\/\",\"https:\/\/www.linkedin.com\/company\/vega-monitoramento\/?viewAsMember=true\",\"https:\/\/www.youtube.com\/channel\/UCRqcOTBq8JOBi8Bw1RGA80Q\"]},{\"@type\":\"Person\",\"@id\":\"https:\/\/vegamonitoramento.com.br\/blog\/#\/schema\/person\/024e2d9e83ec7819414cf749a3ad0582\",\"name\":\"Matheus Neves\",\"image\":{\"@type\":\"ImageObject\",\"inLanguage\":\"pt-BR\",\"@id\":\"https:\/\/vegamonitoramento.com.br\/blog\/#\/schema\/person\/image\/\",\"url\":\"https:\/\/secure.gravatar.com\/avatar\/4dd086d2077855081e4bc9b06a333519feb2a40682389b0c3a9c92fb868aa79b?s=96&d=mm&r=g\",\"contentUrl\":\"https:\/\/secure.gravatar.com\/avatar\/4dd086d2077855081e4bc9b06a333519feb2a40682389b0c3a9c92fb868aa79b?s=96&d=mm&r=g\",\"caption\":\"Matheus Neves\"}}]}<\/script>\n<!-- \/ Yoast SEO plugin. -->","yoast_head_json":{"title":"Ativos Ambientais: o que s\u00e3o e para que servem no agroneg\u00f3cio","description":"Entenda o que s\u00e3o ativos ambientais, a diferen\u00e7a de ativos e passivos ambientais, raz\u00f5es para n\u00e3o ignorar essa gest\u00e3o e muito mais!","robots":{"index":"index","follow":"follow","max-snippet":"max-snippet:-1","max-image-preview":"max-image-preview:large","max-video-preview":"max-video-preview:-1"},"canonical":"https:\/\/vegamonitoramento.com.br\/blog\/sustentabilidade\/ativos-ambientais-o-que-sao-para-que-servem\/","og_locale":"pt_BR","og_type":"article","og_title":"Ativos Ambientais: o que s\u00e3o e para que servem no agroneg\u00f3cio","og_description":"Entenda o que s\u00e3o ativos ambientais, a diferen\u00e7a de ativos e passivos ambientais, raz\u00f5es para n\u00e3o ignorar essa gest\u00e3o e muito mais!","og_url":"https:\/\/vegamonitoramento.com.br\/blog\/sustentabilidade\/ativos-ambientais-o-que-sao-para-que-servem\/","og_site_name":"Blog - Not\u00edcias do Agro - Vega Monitoramento","article_publisher":"https:\/\/www.facebook.com\/vegamonitoramentoetecnologia","article_published_time":"2024-04-10T20:32:03+00:00","article_modified_time":"2024-05-21T19:56:41+00:00","og_image":[{"width":2560,"height":1708,"url":"https:\/\/vegamonitoramento.com.br\/blog\/wp-content\/uploads\/2024\/04\/ativos-ambientais-scaled.jpg","type":"image\/jpeg"}],"author":"Matheus Neves","twitter_card":"summary_large_image","twitter_misc":{"Escrito por":"Matheus Neves","Est. tempo de leitura":"5 minutos"},"schema":{"@context":"https:\/\/schema.org","@graph":[{"@type":"Article","@id":"https:\/\/vegamonitoramento.com.br\/blog\/sustentabilidade\/ativos-ambientais-o-que-sao-para-que-servem\/#article","isPartOf":{"@id":"https:\/\/vegamonitoramento.com.br\/blog\/sustentabilidade\/ativos-ambientais-o-que-sao-para-que-servem\/"},"author":{"name":"Matheus Neves","@id":"https:\/\/vegamonitoramento.com.br\/blog\/#\/schema\/person\/024e2d9e83ec7819414cf749a3ad0582"},"headline":"Ativos ambientais: o que s\u00e3o, para que servem e porque s\u00e3o essenciais para a cadeia produtiva do agroneg\u00f3cio","datePublished":"2024-04-10T20:32:03+00:00","dateModified":"2024-05-21T19:56:41+00:00","mainEntityOfPage":{"@id":"https:\/\/vegamonitoramento.com.br\/blog\/sustentabilidade\/ativos-ambientais-o-que-sao-para-que-servem\/"},"wordCount":885,"publisher":{"@id":"https:\/\/vegamonitoramento.com.br\/blog\/#organization"},"image":{"@id":"https:\/\/vegamonitoramento.com.br\/blog\/sustentabilidade\/ativos-ambientais-o-que-sao-para-que-servem\/#primaryimage"},"thumbnailUrl":"https:\/\/vegamonitoramento.com.br\/blog\/wp-content\/uploads\/2024\/04\/ativos-ambientais-scaled.jpg","keywords":["Agroneg\u00f3cio","agroneg\u00f3cio brasileiro","ativos ambientais","cadeia produtiva do agroneg\u00f3cio"],"articleSection":["Sustentabilidade"],"inLanguage":"pt-BR"},{"@type":"WebPage","@id":"https:\/\/vegamonitoramento.com.br\/blog\/sustentabilidade\/ativos-ambientais-o-que-sao-para-que-servem\/","url":"https:\/\/vegamonitoramento.com.br\/blog\/sustentabilidade\/ativos-ambientais-o-que-sao-para-que-servem\/","name":"Ativos Ambientais: o que s\u00e3o e para que servem no agroneg\u00f3cio","isPartOf":{"@id":"https:\/\/vegamonitoramento.com.br\/blog\/#website"},"primaryImageOfPage":{"@id":"https:\/\/vegamonitoramento.com.br\/blog\/sustentabilidade\/ativos-ambientais-o-que-sao-para-que-servem\/#primaryimage"},"image":{"@id":"https:\/\/vegamonitoramento.com.br\/blog\/sustentabilidade\/ativos-ambientais-o-que-sao-para-que-servem\/#primaryimage"},"thumbnailUrl":"https:\/\/vegamonitoramento.com.br\/blog\/wp-content\/uploads\/2024\/04\/ativos-ambientais-scaled.jpg","datePublished":"2024-04-10T20:32:03+00:00","dateModified":"2024-05-21T19:56:41+00:00","description":"Entenda o que s\u00e3o ativos ambientais, a diferen\u00e7a de ativos e passivos ambientais, raz\u00f5es para n\u00e3o ignorar essa gest\u00e3o e muito mais!","breadcrumb":{"@id":"https:\/\/vegamonitoramento.com.br\/blog\/sustentabilidade\/ativos-ambientais-o-que-sao-para-que-servem\/#breadcrumb"},"inLanguage":"pt-BR","potentialAction":[{"@type":"ReadAction","target":["https:\/\/vegamonitoramento.com.br\/blog\/sustentabilidade\/ativos-ambientais-o-que-sao-para-que-servem\/"]}]},{"@type":"ImageObject","inLanguage":"pt-BR","@id":"https:\/\/vegamonitoramento.com.br\/blog\/sustentabilidade\/ativos-ambientais-o-que-sao-para-que-servem\/#primaryimage","url":"https:\/\/vegamonitoramento.com.br\/blog\/wp-content\/uploads\/2024\/04\/ativos-ambientais-scaled.jpg","contentUrl":"https:\/\/vegamonitoramento.com.br\/blog\/wp-content\/uploads\/2024\/04\/ativos-ambientais-scaled.jpg","width":2560,"height":1708},{"@type":"BreadcrumbList","@id":"https:\/\/vegamonitoramento.com.br\/blog\/sustentabilidade\/ativos-ambientais-o-que-sao-para-que-servem\/#breadcrumb","itemListElement":[{"@type":"ListItem","position":1,"name":"In\u00edcio","item":"https:\/\/vegamonitoramento.com.br\/blog\/"},{"@type":"ListItem","position":2,"name":"Ativos ambientais: o que s\u00e3o, para que servem e porque s\u00e3o essenciais para a cadeia produtiva do agroneg\u00f3cio"}]},{"@type":"WebSite","@id":"https:\/\/vegamonitoramento.com.br\/blog\/#website","url":"https:\/\/vegamonitoramento.com.br\/blog\/","name":"Blog - Not\u00edcias do Agro - Vega Monitoramento","description":"Confira agora as \u00faltimas not\u00edcias do agro sob a perspectiva especializada da equipe Vega Monitoramento. Clique para acessar!","publisher":{"@id":"https:\/\/vegamonitoramento.com.br\/blog\/#organization"},"potentialAction":[{"@type":"SearchAction","target":{"@type":"EntryPoint","urlTemplate":"https:\/\/vegamonitoramento.com.br\/blog\/?s={search_term_string}"},"query-input":"required name=search_term_string"}],"inLanguage":"pt-BR"},{"@type":"Organization","@id":"https:\/\/vegamonitoramento.com.br\/blog\/#organization","name":"Blog - Not\u00edcias do Agro - Vega Monitoramento","url":"https:\/\/vegamonitoramento.com.br\/blog\/","logo":{"@type":"ImageObject","inLanguage":"pt-BR","@id":"https:\/\/vegamonitoramento.com.br\/blog\/#\/schema\/logo\/image\/","url":"https:\/\/vegamonitoramento.com.br\/blog\/wp-content\/uploads\/2025\/08\/logo-site-webp-e1755787174447.webp","contentUrl":"https:\/\/vegamonitoramento.com.br\/blog\/wp-content\/uploads\/2025\/08\/logo-site-webp-e1755787174447.webp","width":150,"height":50,"caption":"Blog - Not\u00edcias do Agro - Vega Monitoramento"},"image":{"@id":"https:\/\/vegamonitoramento.com.br\/blog\/#\/schema\/logo\/image\/"},"sameAs":["https:\/\/www.facebook.com\/vegamonitoramentoetecnologia","https:\/\/www.instagram.com\/vegamonitoramento\/","https:\/\/www.linkedin.com\/company\/vega-monitoramento\/?viewAsMember=true","https:\/\/www.youtube.com\/channel\/UCRqcOTBq8JOBi8Bw1RGA80Q"]},{"@type":"Person","@id":"https:\/\/vegamonitoramento.com.br\/blog\/#\/schema\/person\/024e2d9e83ec7819414cf749a3ad0582","name":"Matheus Neves","image":{"@type":"ImageObject","inLanguage":"pt-BR","@id":"https:\/\/vegamonitoramento.com.br\/blog\/#\/schema\/person\/image\/","url":"https:\/\/secure.gravatar.com\/avatar\/4dd086d2077855081e4bc9b06a333519feb2a40682389b0c3a9c92fb868aa79b?s=96&d=mm&r=g","contentUrl":"https:\/\/secure.gravatar.com\/avatar\/4dd086d2077855081e4bc9b06a333519feb2a40682389b0c3a9c92fb868aa79b?s=96&d=mm&r=g","caption":"Matheus Neves"}}]}},"jetpack_featured_media_url":"https:\/\/vegamonitoramento.com.br\/blog\/wp-content\/uploads\/2024\/04\/ativos-ambientais-scaled.jpg","_links":{"self":[{"href":"https:\/\/vegamonitoramento.com.br\/blog\/wp-json\/wp\/v2\/posts\/673","targetHints":{"allow":["GET"]}}],"collection":[{"href":"https:\/\/vegamonitoramento.com.br\/blog\/wp-json\/wp\/v2\/posts"}],"about":[{"href":"https:\/\/vegamonitoramento.com.br\/blog\/wp-json\/wp\/v2\/types\/post"}],"author":[{"embeddable":true,"href":"https:\/\/vegamonitoramento.com.br\/blog\/wp-json\/wp\/v2\/users\/12"}],"replies":[{"embeddable":true,"href":"https:\/\/vegamonitoramento.com.br\/blog\/wp-json\/wp\/v2\/comments?post=673"}],"version-history":[{"count":1,"href":"https:\/\/vegamonitoramento.com.br\/blog\/wp-json\/wp\/v2\/posts\/673\/revisions"}],"predecessor-version":[{"id":676,"href":"https:\/\/vegamonitoramento.com.br\/blog\/wp-json\/wp\/v2\/posts\/673\/revisions\/676"}],"wp:featuredmedia":[{"embeddable":true,"href":"https:\/\/vegamonitoramento.com.br\/blog\/wp-json\/wp\/v2\/media\/674"}],"wp:attachment":[{"href":"https:\/\/vegamonitoramento.com.br\/blog\/wp-json\/wp\/v2\/media?parent=673"}],"wp:term":[{"taxonomy":"category","embeddable":true,"href":"https:\/\/vegamonitoramento.com.br\/blog\/wp-json\/wp\/v2\/categories?post=673"},{"taxonomy":"post_tag","embeddable":true,"href":"https:\/\/vegamonitoramento.com.br\/blog\/wp-json\/wp\/v2\/tags?post=673"}],"curies":[{"name":"wp","href":"https:\/\/api.w.org\/{rel}","templated":true}]}}