{"id":649,"date":"2024-03-11T11:43:30","date_gmt":"2024-03-11T14:43:30","guid":{"rendered":"https:\/\/vegamonitoramento.com.br\/blog\/?p=649"},"modified":"2025-08-22T12:42:47","modified_gmt":"2025-08-22T15:42:47","slug":"agronegocio-brasileiro-e-regulamentacao-da-uniao-europeia","status":"publish","type":"post","link":"https:\/\/vegamonitoramento.com.br\/blog\/sustentabilidade\/agronegocio-brasileiro-e-regulamentacao-da-uniao-europeia\/","title":{"rendered":"Como a Regulamenta\u00e7\u00e3o Antidesmatamento da Uni\u00e3o Europeia pode afetar o agroneg\u00f3cio brasileiro?"},"content":{"rendered":"<p>Marcada por uma mistura de coopera\u00e7\u00f5es e tens\u00f5es nos \u00faltimos anos, a liga\u00e7\u00e3o entre a Uni\u00e3o Europeia (UE) e o setor agropecu\u00e1rio brasileiro tem sido influenciada por uma s\u00e9rie de fatores econ\u00f4micos, pol\u00edticos e ambientais. Neste aspecto, a Regula\u00e7\u00e3o Antidesmatamento da Uni\u00e3o Europ\u00e9ia (EUDR) \u00e9 um marco na luta global contra o desmatamento e o combate \u00e0s mudan\u00e7as clim\u00e1ticas, mas sua constru\u00e7\u00e3o levanta diversas perguntas sobre seus impactos no agroneg\u00f3cio brasileiro.<\/p>\n<p>Isso porque a legisla\u00e7\u00e3o europeia pro\u00edbe a comercializa\u00e7\u00e3o na Europa de v\u00e1rias commodities que s\u00e3o as principais exporta\u00e7\u00f5es do Brasil. Essas commodities s\u00f3 ter\u00e3o acesso liberado se estiverem livres de desmatamento, produzidas de acordo com a legisla\u00e7\u00e3o local e acompanhadas por uma declara\u00e7\u00e3o de dilig\u00eancia devida. Al\u00e9m disso, o Brasil pode enfrentar ainda mais dificuldades para se adequar a conformidade exigida caso a legisla\u00e7\u00e3o se torne mais rigorosa ao longo do tempo.<\/p>\n<p>Diante deste cen\u00e1rio, o Jornal Ecological Economics publicou recentemente um estudo sobre as implica\u00e7\u00f5es da EUDR para o agroneg\u00f3cio brasileiro. No estudo, foram mapeados os \u00edndices das cadeias produtivas brasileiras de seis commodities que est\u00e3o em melhores condi\u00e7\u00f5es de entrar em conformidade com a regula\u00e7\u00e3o. S\u00e3o elas: Caf\u00e9 (89%), Soja (64%), Madeira (46%), Dend\u00ea (44%), Cacau (33%) e carne bovina (30%).<\/p>\n<p>Nos t\u00f3picos a seguir, voc\u00ea confere mais detalhes sobre cada um desses \u00edndices e descobre como o setor privado, aliado \u00e0s iniciativas p\u00fablicas, pode contribuir para pequenos e grandes produtores rurais se adequarem \u00e0 EUDR.<\/p>\n<h2>Caf\u00e9 (89%), Soja (64%) e Madeira (46%)<\/h2>\n<p>O setor do caf\u00e9 apresenta a melhor condi\u00e7\u00e3o para se adequar \u00e0 EUDR, em grande parte devido \u00e0 alta produ\u00e7\u00e3o brasileira, que direciona 64% das exporta\u00e7\u00f5es para a UE e o RU. O Brasil \u00e9 o maior produtor mundial do gr\u00e3o, e seu setor foi um dos primeiros a adotar as Normas Volunt\u00e1rias de Sustentabilidade (NVS ou VSS, em ingl\u00eas). Embora a assist\u00eancia t\u00e9cnica seja um desafio, aproximadamente 33% da \u00e1rea colhida no Brasil adere aos padr\u00f5es da NVS.<\/p>\n<p>Em segundo lugar no \u00edndice de conformidade est\u00e1 a soja, a principal commodity agr\u00edcola exportada pelo Brasil. Do total exportado (68,1%), 15,1% \u00e9 destinado \u00e0 UE e ao RU. Apesar de ser a terceira commodity mais associada ao desmatamento no Brasil e ter registrado um crescimento exponencial na \u00e1rea plantada e na produ\u00e7\u00e3o nos \u00faltimos anos, sua posi\u00e7\u00e3o no ranking se deve ao baixo envolvimento de pequenos produtores na produ\u00e7\u00e3o. Com a concentra\u00e7\u00e3o nas m\u00e3os de grandes produtores, h\u00e1 maior chance de conformidade devido aos recursos financeiros e estruturais que possuem.<\/p>\n<p>Fechando os tr\u00eas primeiros liderados, o setor madeireiro est\u00e1 associado a 11,3% da \u00e1rea total desmatada no Brasil, o que representa um desafio para garantir a conformidade. Quase metade das exporta\u00e7\u00f5es do Brasil tem como destino a UE e o RU. Contudo, as suas exporta\u00e7\u00f5es j\u00e1 est\u00e3o em conformidade com o regulamento da Madeira da UE atual, o que pode facilitar a sua adapta\u00e7\u00e3o ao EUDR.<\/p>\n<h2>Azeite de Dend\u00ea (44%), Cacau (33%) e Carne bovina (30%)<\/h2>\n<p>O Brasil \u00e9 um produtor relativamente pequeno de azeite de dend\u00ea e exporta apenas 13,7% de sua produ\u00e7\u00e3o. Por isso, e tamb\u00e9m porque a UE recebe apenas 14,4% desse total, o setor atingiu uma pontua\u00e7\u00e3o moderada no ranking . Felizmente, 27% da \u00e1rea colhida est\u00e1 coberta por padr\u00f5es NVS, e a produ\u00e7\u00e3o tem sido regulamentada por iniciativas governamentais e pela ades\u00e3o de esquemas de certifica\u00e7\u00e3o sustent\u00e1vel.<\/p>\n<p>Ocupando a segunda menor probabilidade de cumprimento est\u00e1 o cacau, principalmente porque sua exporta\u00e7\u00e3o \u00e9 pequena (5,05% do total) e a UE e o Reino Unido n\u00e3o s\u00e3o grandes mercados importadores para o Brasil. Embora o cacau n\u00e3o seja um impulsionador significativo do desmatamento, somente cerca de 2% da \u00e1rea \u00e9 coberta por VSS e os pequenos produtores representam mais da metade da \u00e1rea total cultivada. Al\u00e9m dos fatores financeiros, que muitas vezes impedem a conformidade, os pr\u00eamios oferecidos pelo cacau certificado n\u00e3o s\u00e3o atrativos.<\/p>\n<p>O setor de carne bovina ocupa o \u00faltimo lugar no ranking de conformidade, principalmente devido \u00e0 falta de medidas que lidem com o desmatamento. Embora o governo tenha implementado iniciativas como o &#8220;Termo de Ajustamento de Conduta&#8221; (TAC) e o &#8220;Sistema de Identifica\u00e7\u00e3o e Certifica\u00e7\u00e3o de Bovinos e B\u00fafalos&#8221; (SISBOV), tais medidas n\u00e3o monitoram o desmatamento zero nem os fornecedores indiretos de gado. Al\u00e9m disso, o setor \u00e9 respons\u00e1vel por 61,2% da \u00e1rea desmatada para agricultura no pa\u00eds, o que evidencia seus desafios ambientais e dificulta a sua adapta\u00e7\u00e3o \u00e0 EUDR.<\/p>\n<h2>Como a VEGA pode fornecer suporte para empresas do agro se adequarem \u00e0 EUDR?<\/h2>\n<p>Investimentos p\u00fablicos em assist\u00eancia financeira, t\u00e9cnica e de capacita\u00e7\u00e3o para os pequenos produtores se adequarem \u00e0 legisla\u00e7\u00e3o s\u00e3o essenciais para garantir o sucesso da regulamenta\u00e7\u00e3o e fortalecer a rela\u00e7\u00e3o comercial entre o Brasil e a UE. Contudo, nos \u00faltimos anos tem aumentado o interesse privado em reduzir o desmatamento por meio de iniciativas que promovem a sustentabilidade.<\/p>\n<p>Esse movimento de grandes marcas t\u00eam preenchido algumas lacunas deixadas pela iniciativa governamental, principalmente no ramo da tecnologia, ferramenta hoje essencial para garantir uma produ\u00e7\u00e3o rural mais eficiente. Por isso a empresa Vega, fundada em 2018, \u00e9 uma Agtech pertencente ao Grupo Imagem que se encaixa bem neste exemplo.<\/p>\n<p><img loading=\"lazy\" decoding=\"async\" class=\"aligncenter size-full wp-image-684\" src=\"https:\/\/vegamonitoramento.com.br\/blog\/wp-content\/uploads\/2024\/03\/agronegocio-brasileiro-scaled.jpg\" alt=\"agroneg\u00f3cio brasileiro \" width=\"2560\" height=\"1709\" srcset=\"https:\/\/vegamonitoramento.com.br\/blog\/wp-content\/uploads\/2024\/03\/agronegocio-brasileiro-scaled.jpg 2560w, https:\/\/vegamonitoramento.com.br\/blog\/wp-content\/uploads\/2024\/03\/agronegocio-brasileiro-300x200.jpg 300w, https:\/\/vegamonitoramento.com.br\/blog\/wp-content\/uploads\/2024\/03\/agronegocio-brasileiro-1024x683.jpg 1024w, https:\/\/vegamonitoramento.com.br\/blog\/wp-content\/uploads\/2024\/03\/agronegocio-brasileiro-768x513.jpg 768w, https:\/\/vegamonitoramento.com.br\/blog\/wp-content\/uploads\/2024\/03\/agronegocio-brasileiro-1536x1025.jpg 1536w, https:\/\/vegamonitoramento.com.br\/blog\/wp-content\/uploads\/2024\/03\/agronegocio-brasileiro-2048x1367.jpg 2048w, https:\/\/vegamonitoramento.com.br\/blog\/wp-content\/uploads\/2024\/03\/agronegocio-brasileiro-900x600.jpg 900w\" sizes=\"auto, (max-width: 2560px) 100vw, 2560px\" \/><\/p>\n<p>Com mais de 35 anos de experi\u00eancia no segmento de TI e Geotecnologia, ela desenvolveu a plataforma Lyra, a \u00fanica plataforma agroambiental a oferecer uma vis\u00e3o hol\u00edstica da propriedade rural, integrando perspectivas ambientais e agr\u00edcolas. Com uma imensa capacidade de processamento de dados, ela \u00e9 respons\u00e1vel por monitorar mais de 40 clientes, que juntos correspondem a 48 milh\u00f5es de hectares de \u00e1reas produtivas no Brasil.<\/p>\n<p>Quanto \u00e0 EUDR, a Vega, por meio da plataforma Lyra, \u00e9 uma aliada poderosa para adequar as propriedades rurais \u00e0s exig\u00eancias da legisla\u00e7\u00e3o, e podemos citar pelo menos tr\u00eas raz\u00f5es para isso:<\/p>\n<h3>1. Monitoramento e diagn\u00f3stico da produ\u00e7\u00e3o agr\u00edcola:<\/h3>\n<p>A Lyra permite o monitoramento das pr\u00e1ticas agr\u00edcolas para garantir conformidade com os padr\u00f5es da EUDR e realiza diagn\u00f3sticos personaliz\u00e1veis de compliance socioambiental &#8211; processo que avalia se as empresas cumprem as leis ambientais e sociais, identificando \u00e1reas de n\u00e3o conformidade e implementando medidas corretivas para garantir opera\u00e7\u00f5es \u00e9ticas e sustent\u00e1veis.<\/p>\n<h3>2. Rastreabilidade da origem:<\/h3>\n<p>Quando o assunto \u00e9 rastreabilidade, tanto a soja quanto o caf\u00e9 enfrentam desafios. No caso da soja, os sistemas de rastreabilidade dos principais traders ainda n\u00e3o abrangem totalmente os fornecedores indiretos. J\u00e1 o caf\u00e9 enfrenta dificuldades na implementa\u00e7\u00e3o de mecanismos aprimorados de rastreabilidade, devido \u00e0 participa\u00e7\u00e3o significativa de pequenos produtores. Por isso, a plataforma Lyra surge como uma solu\u00e7\u00e3o para esses desafios, visto que fornece dados sobre as pr\u00e1ticas em cada etapa da produ\u00e7\u00e3o &#8211; inclusive a rastreabilidade de origem dos produtos agr\u00edcolas.<\/p>\n<h3>3. Gest\u00e3o de riscos e transpar\u00eancia da cadeia produtiva:<\/h3>\n<p>Ao permitir o cruzamento das caracter\u00edsticas do im\u00f3vel rural com aspectos ambientais relevantes, como o combate ao desmatamento, a Lyra ajuda a gerenciar os riscos das opera\u00e7\u00f5es rurais, evitando danos reputacionais e garantindo a sustentabilidade das cadeias de fornecimento. Al\u00e9m disso, ela tamb\u00e9m contribui para a transpar\u00eancia da cadeia produtiva, fornecendo informa\u00e7\u00f5es precisas sobre as pr\u00e1ticas agr\u00edcolas adotadas pelos produtores, o que \u00e9 fundamental para atender \u00e0s novas diretrizes do mercado e promover o desenvolvimento sustent\u00e1vel dos neg\u00f3cios.<\/p>\n<p>Por fim, a implementa\u00e7\u00e3o da EUDR desafia o agroneg\u00f3cio brasileiro, pois exige adapta\u00e7\u00f5es profundas. A plataforma Lyra destaca-se como uma ferramenta essencial para monitoramento, rastreabilidade e gest\u00e3o de riscos ambientais, tornando-se ainda mais poderosa quando combinada com o apoio do setor p\u00fablico. Essa colabora\u00e7\u00e3o \u00e9 crucial para garantir investimentos em pr\u00e1ticas cada vez mais sustent\u00e1veis, fortalecendo n\u00e3o apenas a posi\u00e7\u00e3o do agroneg\u00f3cio brasileiro no mercado europeu, mas tamb\u00e9m sua relev\u00e2ncia global.<\/p>\n<p><a href=\"https:\/\/vegamonitoramento.com.br\/lyra\/\"><img loading=\"lazy\" decoding=\"async\" class=\"size-full wp-image-634 aligncenter\" src=\"https:\/\/vegamonitoramento.com.br\/blog\/wp-content\/uploads\/2023\/12\/banner-central.png\" alt=\"plataforma lyra\" width=\"800\" height=\"450\" srcset=\"https:\/\/vegamonitoramento.com.br\/blog\/wp-content\/uploads\/2023\/12\/banner-central.png 800w, https:\/\/vegamonitoramento.com.br\/blog\/wp-content\/uploads\/2023\/12\/banner-central-300x169.png 300w, https:\/\/vegamonitoramento.com.br\/blog\/wp-content\/uploads\/2023\/12\/banner-central-768x432.png 768w\" sizes=\"auto, (max-width: 800px) 100vw, 800px\" \/><\/a><\/p>\n","protected":false},"excerpt":{"rendered":"<p>Marcada por uma mistura de coopera\u00e7\u00f5es e tens\u00f5es nos \u00faltimos anos, a liga\u00e7\u00e3o entre a Uni\u00e3o Europeia (UE)<\/p>\n","protected":false},"author":12,"featured_media":651,"comment_status":"closed","ping_status":"closed","sticky":false,"template":"","format":"standard","meta":{"_acf_changed":false,"om_disable_all_campaigns":false,"_monsterinsights_skip_tracking":false,"_monsterinsights_sitenote_active":false,"_monsterinsights_sitenote_note":"","_monsterinsights_sitenote_category":0,"footnotes":""},"categories":[26],"tags":[14,11,28,41,40,31,30,29],"class_list":["post-649","post","type-post","status-publish","format-standard","has-post-thumbnail","hentry","category-sustentabilidade","tag-agro","tag-agronegocio","tag-agronegocio-brasileiro","tag-noticias-agricolas","tag-noticias-do-agro","tag-plataforma-agroambiental","tag-regulamentacao-antidesmatamento","tag-uniao-europeia"],"acf":[],"relative_dates":{"created":"2 anos ago","modified":"8 meses ago"},"yoast_head":"<!-- This site is optimized with the Yoast SEO plugin v22.7 - https:\/\/yoast.com\/wordpress\/plugins\/seo\/ -->\n<title>A regulamenta\u00e7\u00e3o verde da UE e o agroneg\u00f3cio brasileiro | VEGA<\/title>\n<meta name=\"description\" content=\"Recente estudo europeu mapeou os \u00edndices das cadeias produtivas brasileiras em seis segmentos. Veja como isso afeta o agroneg\u00f3cio brasileiro!\" \/>\n<meta name=\"robots\" content=\"index, follow, max-snippet:-1, max-image-preview:large, max-video-preview:-1\" \/>\n<link rel=\"canonical\" href=\"https:\/\/vegamonitoramento.com.br\/blog\/sustentabilidade\/agronegocio-brasileiro-e-regulamentacao-da-uniao-europeia\/\" \/>\n<meta property=\"og:locale\" content=\"pt_BR\" \/>\n<meta property=\"og:type\" content=\"article\" \/>\n<meta property=\"og:title\" content=\"A regulamenta\u00e7\u00e3o verde da UE e o agroneg\u00f3cio brasileiro | VEGA\" \/>\n<meta property=\"og:description\" content=\"Recente estudo europeu mapeou os \u00edndices das cadeias produtivas brasileiras em seis segmentos. Veja como isso afeta o agroneg\u00f3cio brasileiro!\" \/>\n<meta property=\"og:url\" content=\"https:\/\/vegamonitoramento.com.br\/blog\/sustentabilidade\/agronegocio-brasileiro-e-regulamentacao-da-uniao-europeia\/\" \/>\n<meta property=\"og:site_name\" content=\"Blog - Not\u00edcias do Agro - Vega Monitoramento\" \/>\n<meta property=\"article:publisher\" content=\"https:\/\/www.facebook.com\/vegamonitoramentoetecnologia\" \/>\n<meta property=\"article:published_time\" content=\"2024-03-11T14:43:30+00:00\" \/>\n<meta property=\"article:modified_time\" content=\"2025-08-22T15:42:47+00:00\" \/>\n<meta property=\"og:image\" content=\"https:\/\/vegamonitoramento.com.br\/blog\/wp-content\/uploads\/2024\/03\/regulamentacao-ue-e-o-agronegocio-brasileiro-scaled.jpg\" \/>\n\t<meta property=\"og:image:width\" content=\"2560\" \/>\n\t<meta property=\"og:image:height\" content=\"1378\" \/>\n\t<meta property=\"og:image:type\" content=\"image\/jpeg\" \/>\n<meta name=\"author\" content=\"Matheus Neves\" \/>\n<meta name=\"twitter:card\" content=\"summary_large_image\" \/>\n<meta name=\"twitter:label1\" content=\"Escrito por\" \/>\n\t<meta name=\"twitter:data1\" content=\"Matheus Neves\" \/>\n\t<meta name=\"twitter:label2\" content=\"Est. tempo de leitura\" \/>\n\t<meta name=\"twitter:data2\" content=\"8 minutos\" \/>\n<script type=\"application\/ld+json\" class=\"yoast-schema-graph\">{\"@context\":\"https:\/\/schema.org\",\"@graph\":[{\"@type\":\"Article\",\"@id\":\"https:\/\/vegamonitoramento.com.br\/blog\/sustentabilidade\/agronegocio-brasileiro-e-regulamentacao-da-uniao-europeia\/#article\",\"isPartOf\":{\"@id\":\"https:\/\/vegamonitoramento.com.br\/blog\/sustentabilidade\/agronegocio-brasileiro-e-regulamentacao-da-uniao-europeia\/\"},\"author\":{\"name\":\"Matheus Neves\",\"@id\":\"https:\/\/vegamonitoramento.com.br\/blog\/#\/schema\/person\/024e2d9e83ec7819414cf749a3ad0582\"},\"headline\":\"Como a Regulamenta\u00e7\u00e3o Antidesmatamento da Uni\u00e3o Europeia pode afetar o agroneg\u00f3cio brasileiro?\",\"datePublished\":\"2024-03-11T14:43:30+00:00\",\"dateModified\":\"2025-08-22T15:42:47+00:00\",\"mainEntityOfPage\":{\"@id\":\"https:\/\/vegamonitoramento.com.br\/blog\/sustentabilidade\/agronegocio-brasileiro-e-regulamentacao-da-uniao-europeia\/\"},\"wordCount\":1359,\"publisher\":{\"@id\":\"https:\/\/vegamonitoramento.com.br\/blog\/#organization\"},\"image\":{\"@id\":\"https:\/\/vegamonitoramento.com.br\/blog\/sustentabilidade\/agronegocio-brasileiro-e-regulamentacao-da-uniao-europeia\/#primaryimage\"},\"thumbnailUrl\":\"https:\/\/vegamonitoramento.com.br\/blog\/wp-content\/uploads\/2024\/03\/regulamentacao-ue-e-o-agronegocio-brasileiro-scaled.jpg\",\"keywords\":[\"Agro\",\"Agroneg\u00f3cio\",\"agroneg\u00f3cio brasileiro\",\"not\u00edcias agr\u00edcolas\",\"not\u00edcias do agro\",\"plataforma agroambiental\",\"regulamenta\u00e7\u00e3o antidesmatamento\",\"uni\u00e3o europeia\"],\"articleSection\":[\"Sustentabilidade\"],\"inLanguage\":\"pt-BR\"},{\"@type\":\"WebPage\",\"@id\":\"https:\/\/vegamonitoramento.com.br\/blog\/sustentabilidade\/agronegocio-brasileiro-e-regulamentacao-da-uniao-europeia\/\",\"url\":\"https:\/\/vegamonitoramento.com.br\/blog\/sustentabilidade\/agronegocio-brasileiro-e-regulamentacao-da-uniao-europeia\/\",\"name\":\"A regulamenta\u00e7\u00e3o verde da UE e o agroneg\u00f3cio brasileiro | VEGA\",\"isPartOf\":{\"@id\":\"https:\/\/vegamonitoramento.com.br\/blog\/#website\"},\"primaryImageOfPage\":{\"@id\":\"https:\/\/vegamonitoramento.com.br\/blog\/sustentabilidade\/agronegocio-brasileiro-e-regulamentacao-da-uniao-europeia\/#primaryimage\"},\"image\":{\"@id\":\"https:\/\/vegamonitoramento.com.br\/blog\/sustentabilidade\/agronegocio-brasileiro-e-regulamentacao-da-uniao-europeia\/#primaryimage\"},\"thumbnailUrl\":\"https:\/\/vegamonitoramento.com.br\/blog\/wp-content\/uploads\/2024\/03\/regulamentacao-ue-e-o-agronegocio-brasileiro-scaled.jpg\",\"datePublished\":\"2024-03-11T14:43:30+00:00\",\"dateModified\":\"2025-08-22T15:42:47+00:00\",\"description\":\"Recente estudo europeu mapeou os \u00edndices das cadeias produtivas brasileiras em seis segmentos. Veja como isso afeta o agroneg\u00f3cio brasileiro!\",\"breadcrumb\":{\"@id\":\"https:\/\/vegamonitoramento.com.br\/blog\/sustentabilidade\/agronegocio-brasileiro-e-regulamentacao-da-uniao-europeia\/#breadcrumb\"},\"inLanguage\":\"pt-BR\",\"potentialAction\":[{\"@type\":\"ReadAction\",\"target\":[\"https:\/\/vegamonitoramento.com.br\/blog\/sustentabilidade\/agronegocio-brasileiro-e-regulamentacao-da-uniao-europeia\/\"]}]},{\"@type\":\"ImageObject\",\"inLanguage\":\"pt-BR\",\"@id\":\"https:\/\/vegamonitoramento.com.br\/blog\/sustentabilidade\/agronegocio-brasileiro-e-regulamentacao-da-uniao-europeia\/#primaryimage\",\"url\":\"https:\/\/vegamonitoramento.com.br\/blog\/wp-content\/uploads\/2024\/03\/regulamentacao-ue-e-o-agronegocio-brasileiro-scaled.jpg\",\"contentUrl\":\"https:\/\/vegamonitoramento.com.br\/blog\/wp-content\/uploads\/2024\/03\/regulamentacao-ue-e-o-agronegocio-brasileiro-scaled.jpg\",\"width\":2560,\"height\":1378,\"caption\":\"uni\u00e3o europeia e o agroneg\u00f3cio brasileiro\"},{\"@type\":\"BreadcrumbList\",\"@id\":\"https:\/\/vegamonitoramento.com.br\/blog\/sustentabilidade\/agronegocio-brasileiro-e-regulamentacao-da-uniao-europeia\/#breadcrumb\",\"itemListElement\":[{\"@type\":\"ListItem\",\"position\":1,\"name\":\"In\u00edcio\",\"item\":\"https:\/\/vegamonitoramento.com.br\/blog\/\"},{\"@type\":\"ListItem\",\"position\":2,\"name\":\"Como a Regulamenta\u00e7\u00e3o Antidesmatamento da Uni\u00e3o Europeia pode afetar o agroneg\u00f3cio brasileiro?\"}]},{\"@type\":\"WebSite\",\"@id\":\"https:\/\/vegamonitoramento.com.br\/blog\/#website\",\"url\":\"https:\/\/vegamonitoramento.com.br\/blog\/\",\"name\":\"Blog - Not\u00edcias do Agro - Vega Monitoramento\",\"description\":\"Confira agora as \u00faltimas not\u00edcias do agro sob a perspectiva especializada da equipe Vega Monitoramento. Clique para acessar!\",\"publisher\":{\"@id\":\"https:\/\/vegamonitoramento.com.br\/blog\/#organization\"},\"potentialAction\":[{\"@type\":\"SearchAction\",\"target\":{\"@type\":\"EntryPoint\",\"urlTemplate\":\"https:\/\/vegamonitoramento.com.br\/blog\/?s={search_term_string}\"},\"query-input\":\"required name=search_term_string\"}],\"inLanguage\":\"pt-BR\"},{\"@type\":\"Organization\",\"@id\":\"https:\/\/vegamonitoramento.com.br\/blog\/#organization\",\"name\":\"Blog - Not\u00edcias do Agro - Vega Monitoramento\",\"url\":\"https:\/\/vegamonitoramento.com.br\/blog\/\",\"logo\":{\"@type\":\"ImageObject\",\"inLanguage\":\"pt-BR\",\"@id\":\"https:\/\/vegamonitoramento.com.br\/blog\/#\/schema\/logo\/image\/\",\"url\":\"https:\/\/vegamonitoramento.com.br\/blog\/wp-content\/uploads\/2025\/08\/logo-site-webp-e1755787174447.webp\",\"contentUrl\":\"https:\/\/vegamonitoramento.com.br\/blog\/wp-content\/uploads\/2025\/08\/logo-site-webp-e1755787174447.webp\",\"width\":150,\"height\":50,\"caption\":\"Blog - Not\u00edcias do Agro - Vega Monitoramento\"},\"image\":{\"@id\":\"https:\/\/vegamonitoramento.com.br\/blog\/#\/schema\/logo\/image\/\"},\"sameAs\":[\"https:\/\/www.facebook.com\/vegamonitoramentoetecnologia\",\"https:\/\/www.instagram.com\/vegamonitoramento\/\",\"https:\/\/www.linkedin.com\/company\/vega-monitoramento\/?viewAsMember=true\",\"https:\/\/www.youtube.com\/channel\/UCRqcOTBq8JOBi8Bw1RGA80Q\"]},{\"@type\":\"Person\",\"@id\":\"https:\/\/vegamonitoramento.com.br\/blog\/#\/schema\/person\/024e2d9e83ec7819414cf749a3ad0582\",\"name\":\"Matheus Neves\",\"image\":{\"@type\":\"ImageObject\",\"inLanguage\":\"pt-BR\",\"@id\":\"https:\/\/vegamonitoramento.com.br\/blog\/#\/schema\/person\/image\/\",\"url\":\"https:\/\/secure.gravatar.com\/avatar\/4dd086d2077855081e4bc9b06a333519feb2a40682389b0c3a9c92fb868aa79b?s=96&d=mm&r=g\",\"contentUrl\":\"https:\/\/secure.gravatar.com\/avatar\/4dd086d2077855081e4bc9b06a333519feb2a40682389b0c3a9c92fb868aa79b?s=96&d=mm&r=g\",\"caption\":\"Matheus Neves\"}}]}<\/script>\n<!-- \/ Yoast SEO plugin. -->","yoast_head_json":{"title":"A regulamenta\u00e7\u00e3o verde da UE e o agroneg\u00f3cio brasileiro | VEGA","description":"Recente estudo europeu mapeou os \u00edndices das cadeias produtivas brasileiras em seis segmentos. Veja como isso afeta o agroneg\u00f3cio brasileiro!","robots":{"index":"index","follow":"follow","max-snippet":"max-snippet:-1","max-image-preview":"max-image-preview:large","max-video-preview":"max-video-preview:-1"},"canonical":"https:\/\/vegamonitoramento.com.br\/blog\/sustentabilidade\/agronegocio-brasileiro-e-regulamentacao-da-uniao-europeia\/","og_locale":"pt_BR","og_type":"article","og_title":"A regulamenta\u00e7\u00e3o verde da UE e o agroneg\u00f3cio brasileiro | VEGA","og_description":"Recente estudo europeu mapeou os \u00edndices das cadeias produtivas brasileiras em seis segmentos. Veja como isso afeta o agroneg\u00f3cio brasileiro!","og_url":"https:\/\/vegamonitoramento.com.br\/blog\/sustentabilidade\/agronegocio-brasileiro-e-regulamentacao-da-uniao-europeia\/","og_site_name":"Blog - Not\u00edcias do Agro - Vega Monitoramento","article_publisher":"https:\/\/www.facebook.com\/vegamonitoramentoetecnologia","article_published_time":"2024-03-11T14:43:30+00:00","article_modified_time":"2025-08-22T15:42:47+00:00","og_image":[{"width":2560,"height":1378,"url":"https:\/\/vegamonitoramento.com.br\/blog\/wp-content\/uploads\/2024\/03\/regulamentacao-ue-e-o-agronegocio-brasileiro-scaled.jpg","type":"image\/jpeg"}],"author":"Matheus Neves","twitter_card":"summary_large_image","twitter_misc":{"Escrito por":"Matheus Neves","Est. tempo de leitura":"8 minutos"},"schema":{"@context":"https:\/\/schema.org","@graph":[{"@type":"Article","@id":"https:\/\/vegamonitoramento.com.br\/blog\/sustentabilidade\/agronegocio-brasileiro-e-regulamentacao-da-uniao-europeia\/#article","isPartOf":{"@id":"https:\/\/vegamonitoramento.com.br\/blog\/sustentabilidade\/agronegocio-brasileiro-e-regulamentacao-da-uniao-europeia\/"},"author":{"name":"Matheus Neves","@id":"https:\/\/vegamonitoramento.com.br\/blog\/#\/schema\/person\/024e2d9e83ec7819414cf749a3ad0582"},"headline":"Como a Regulamenta\u00e7\u00e3o Antidesmatamento da Uni\u00e3o Europeia pode afetar o agroneg\u00f3cio brasileiro?","datePublished":"2024-03-11T14:43:30+00:00","dateModified":"2025-08-22T15:42:47+00:00","mainEntityOfPage":{"@id":"https:\/\/vegamonitoramento.com.br\/blog\/sustentabilidade\/agronegocio-brasileiro-e-regulamentacao-da-uniao-europeia\/"},"wordCount":1359,"publisher":{"@id":"https:\/\/vegamonitoramento.com.br\/blog\/#organization"},"image":{"@id":"https:\/\/vegamonitoramento.com.br\/blog\/sustentabilidade\/agronegocio-brasileiro-e-regulamentacao-da-uniao-europeia\/#primaryimage"},"thumbnailUrl":"https:\/\/vegamonitoramento.com.br\/blog\/wp-content\/uploads\/2024\/03\/regulamentacao-ue-e-o-agronegocio-brasileiro-scaled.jpg","keywords":["Agro","Agroneg\u00f3cio","agroneg\u00f3cio brasileiro","not\u00edcias agr\u00edcolas","not\u00edcias do agro","plataforma agroambiental","regulamenta\u00e7\u00e3o antidesmatamento","uni\u00e3o europeia"],"articleSection":["Sustentabilidade"],"inLanguage":"pt-BR"},{"@type":"WebPage","@id":"https:\/\/vegamonitoramento.com.br\/blog\/sustentabilidade\/agronegocio-brasileiro-e-regulamentacao-da-uniao-europeia\/","url":"https:\/\/vegamonitoramento.com.br\/blog\/sustentabilidade\/agronegocio-brasileiro-e-regulamentacao-da-uniao-europeia\/","name":"A regulamenta\u00e7\u00e3o verde da UE e o agroneg\u00f3cio brasileiro | VEGA","isPartOf":{"@id":"https:\/\/vegamonitoramento.com.br\/blog\/#website"},"primaryImageOfPage":{"@id":"https:\/\/vegamonitoramento.com.br\/blog\/sustentabilidade\/agronegocio-brasileiro-e-regulamentacao-da-uniao-europeia\/#primaryimage"},"image":{"@id":"https:\/\/vegamonitoramento.com.br\/blog\/sustentabilidade\/agronegocio-brasileiro-e-regulamentacao-da-uniao-europeia\/#primaryimage"},"thumbnailUrl":"https:\/\/vegamonitoramento.com.br\/blog\/wp-content\/uploads\/2024\/03\/regulamentacao-ue-e-o-agronegocio-brasileiro-scaled.jpg","datePublished":"2024-03-11T14:43:30+00:00","dateModified":"2025-08-22T15:42:47+00:00","description":"Recente estudo europeu mapeou os \u00edndices das cadeias produtivas brasileiras em seis segmentos. Veja como isso afeta o agroneg\u00f3cio brasileiro!","breadcrumb":{"@id":"https:\/\/vegamonitoramento.com.br\/blog\/sustentabilidade\/agronegocio-brasileiro-e-regulamentacao-da-uniao-europeia\/#breadcrumb"},"inLanguage":"pt-BR","potentialAction":[{"@type":"ReadAction","target":["https:\/\/vegamonitoramento.com.br\/blog\/sustentabilidade\/agronegocio-brasileiro-e-regulamentacao-da-uniao-europeia\/"]}]},{"@type":"ImageObject","inLanguage":"pt-BR","@id":"https:\/\/vegamonitoramento.com.br\/blog\/sustentabilidade\/agronegocio-brasileiro-e-regulamentacao-da-uniao-europeia\/#primaryimage","url":"https:\/\/vegamonitoramento.com.br\/blog\/wp-content\/uploads\/2024\/03\/regulamentacao-ue-e-o-agronegocio-brasileiro-scaled.jpg","contentUrl":"https:\/\/vegamonitoramento.com.br\/blog\/wp-content\/uploads\/2024\/03\/regulamentacao-ue-e-o-agronegocio-brasileiro-scaled.jpg","width":2560,"height":1378,"caption":"uni\u00e3o europeia e o agroneg\u00f3cio brasileiro"},{"@type":"BreadcrumbList","@id":"https:\/\/vegamonitoramento.com.br\/blog\/sustentabilidade\/agronegocio-brasileiro-e-regulamentacao-da-uniao-europeia\/#breadcrumb","itemListElement":[{"@type":"ListItem","position":1,"name":"In\u00edcio","item":"https:\/\/vegamonitoramento.com.br\/blog\/"},{"@type":"ListItem","position":2,"name":"Como a Regulamenta\u00e7\u00e3o Antidesmatamento da Uni\u00e3o Europeia pode afetar o agroneg\u00f3cio brasileiro?"}]},{"@type":"WebSite","@id":"https:\/\/vegamonitoramento.com.br\/blog\/#website","url":"https:\/\/vegamonitoramento.com.br\/blog\/","name":"Blog - Not\u00edcias do Agro - Vega Monitoramento","description":"Confira agora as \u00faltimas not\u00edcias do agro sob a perspectiva especializada da equipe Vega Monitoramento. Clique para acessar!","publisher":{"@id":"https:\/\/vegamonitoramento.com.br\/blog\/#organization"},"potentialAction":[{"@type":"SearchAction","target":{"@type":"EntryPoint","urlTemplate":"https:\/\/vegamonitoramento.com.br\/blog\/?s={search_term_string}"},"query-input":"required name=search_term_string"}],"inLanguage":"pt-BR"},{"@type":"Organization","@id":"https:\/\/vegamonitoramento.com.br\/blog\/#organization","name":"Blog - Not\u00edcias do Agro - Vega Monitoramento","url":"https:\/\/vegamonitoramento.com.br\/blog\/","logo":{"@type":"ImageObject","inLanguage":"pt-BR","@id":"https:\/\/vegamonitoramento.com.br\/blog\/#\/schema\/logo\/image\/","url":"https:\/\/vegamonitoramento.com.br\/blog\/wp-content\/uploads\/2025\/08\/logo-site-webp-e1755787174447.webp","contentUrl":"https:\/\/vegamonitoramento.com.br\/blog\/wp-content\/uploads\/2025\/08\/logo-site-webp-e1755787174447.webp","width":150,"height":50,"caption":"Blog - Not\u00edcias do Agro - Vega Monitoramento"},"image":{"@id":"https:\/\/vegamonitoramento.com.br\/blog\/#\/schema\/logo\/image\/"},"sameAs":["https:\/\/www.facebook.com\/vegamonitoramentoetecnologia","https:\/\/www.instagram.com\/vegamonitoramento\/","https:\/\/www.linkedin.com\/company\/vega-monitoramento\/?viewAsMember=true","https:\/\/www.youtube.com\/channel\/UCRqcOTBq8JOBi8Bw1RGA80Q"]},{"@type":"Person","@id":"https:\/\/vegamonitoramento.com.br\/blog\/#\/schema\/person\/024e2d9e83ec7819414cf749a3ad0582","name":"Matheus Neves","image":{"@type":"ImageObject","inLanguage":"pt-BR","@id":"https:\/\/vegamonitoramento.com.br\/blog\/#\/schema\/person\/image\/","url":"https:\/\/secure.gravatar.com\/avatar\/4dd086d2077855081e4bc9b06a333519feb2a40682389b0c3a9c92fb868aa79b?s=96&d=mm&r=g","contentUrl":"https:\/\/secure.gravatar.com\/avatar\/4dd086d2077855081e4bc9b06a333519feb2a40682389b0c3a9c92fb868aa79b?s=96&d=mm&r=g","caption":"Matheus Neves"}}]}},"jetpack_featured_media_url":"https:\/\/vegamonitoramento.com.br\/blog\/wp-content\/uploads\/2024\/03\/regulamentacao-ue-e-o-agronegocio-brasileiro-scaled.jpg","_links":{"self":[{"href":"https:\/\/vegamonitoramento.com.br\/blog\/wp-json\/wp\/v2\/posts\/649","targetHints":{"allow":["GET"]}}],"collection":[{"href":"https:\/\/vegamonitoramento.com.br\/blog\/wp-json\/wp\/v2\/posts"}],"about":[{"href":"https:\/\/vegamonitoramento.com.br\/blog\/wp-json\/wp\/v2\/types\/post"}],"author":[{"embeddable":true,"href":"https:\/\/vegamonitoramento.com.br\/blog\/wp-json\/wp\/v2\/users\/12"}],"replies":[{"embeddable":true,"href":"https:\/\/vegamonitoramento.com.br\/blog\/wp-json\/wp\/v2\/comments?post=649"}],"version-history":[{"count":4,"href":"https:\/\/vegamonitoramento.com.br\/blog\/wp-json\/wp\/v2\/posts\/649\/revisions"}],"predecessor-version":[{"id":685,"href":"https:\/\/vegamonitoramento.com.br\/blog\/wp-json\/wp\/v2\/posts\/649\/revisions\/685"}],"wp:featuredmedia":[{"embeddable":true,"href":"https:\/\/vegamonitoramento.com.br\/blog\/wp-json\/wp\/v2\/media\/651"}],"wp:attachment":[{"href":"https:\/\/vegamonitoramento.com.br\/blog\/wp-json\/wp\/v2\/media?parent=649"}],"wp:term":[{"taxonomy":"category","embeddable":true,"href":"https:\/\/vegamonitoramento.com.br\/blog\/wp-json\/wp\/v2\/categories?post=649"},{"taxonomy":"post_tag","embeddable":true,"href":"https:\/\/vegamonitoramento.com.br\/blog\/wp-json\/wp\/v2\/tags?post=649"}],"curies":[{"name":"wp","href":"https:\/\/api.w.org\/{rel}","templated":true}]}}