{"id":498,"date":"2023-09-06T10:05:44","date_gmt":"2023-09-06T13:05:44","guid":{"rendered":"https:\/\/vegamonitoramento.com.br\/blog\/?p=498"},"modified":"2023-09-06T10:05:22","modified_gmt":"2023-09-06T13:05:22","slug":"descubra-o-novo-modulo-de-monitoramento-socioambiental-na-plataforma-lyra-da-vega-monitoramento","status":"publish","type":"post","link":"https:\/\/vegamonitoramento.com.br\/blog\/artigo\/descubra-o-novo-modulo-de-monitoramento-socioambiental-na-plataforma-lyra-da-vega-monitoramento\/","title":{"rendered":"Descubra o Novo M\u00f3dulo de Monitoramento Socioambiental na Plataforma LYRA da VEGA Monitoramento"},"content":{"rendered":"<figure id=\"attachment_557\" aria-describedby=\"caption-attachment-557\" style=\"width: 2108px\" class=\"wp-caption aligncenter\"><img loading=\"lazy\" decoding=\"async\" class=\"size-full wp-image-557\" src=\"https:\/\/vegamonitoramento.com.br\/blog\/wp-content\/uploads\/2023\/08\/monitoramento-socioambiental-1.png\" alt=\"\" width=\"2108\" height=\"1000\" srcset=\"https:\/\/vegamonitoramento.com.br\/blog\/wp-content\/uploads\/2023\/08\/monitoramento-socioambiental-1.png 2108w, https:\/\/vegamonitoramento.com.br\/blog\/wp-content\/uploads\/2023\/08\/monitoramento-socioambiental-1-300x142.png 300w, https:\/\/vegamonitoramento.com.br\/blog\/wp-content\/uploads\/2023\/08\/monitoramento-socioambiental-1-1024x486.png 1024w, https:\/\/vegamonitoramento.com.br\/blog\/wp-content\/uploads\/2023\/08\/monitoramento-socioambiental-1-768x364.png 768w, https:\/\/vegamonitoramento.com.br\/blog\/wp-content\/uploads\/2023\/08\/monitoramento-socioambiental-1-1536x729.png 1536w, https:\/\/vegamonitoramento.com.br\/blog\/wp-content\/uploads\/2023\/08\/monitoramento-socioambiental-1-2048x972.png 2048w\" sizes=\"auto, (max-width: 2108px) 100vw, 2108px\" \/><figcaption id=\"caption-attachment-557\" class=\"wp-caption-text\"><em>M\u00f3dulo de Monitoramento Socioambiental selecionado apresentando a interface inicial<\/em><\/figcaption><\/figure>\n<p>A VEGA Monitoramento apresenta uma nova solu\u00e7\u00e3o modular na Plataforma LYRA: o inovador Monitoramento Socioambiental. Com essa nova funcionalidade, nossos usu\u00e1rios podem desfrutar de uma <strong>abordagem mais segura e eficiente para monitorar aspectos socioambientais.<\/strong> Neste artigo, aprofundaremos nas caracter\u00edsticas essenciais desse m\u00f3dulo, que oferece um acompanhamento socioambiental di\u00e1rio mais detalhado, facilitando o monitoramento do status do CAR, desmatamento, queimadas e registros do hist\u00f3rico dos diagn\u00f3sticos realizados dia a dia.<\/p>\n<h3><strong>O M\u00f3dulo de Monitoramento Socioambiental na Plataforma LYRA<\/strong><\/h3>\n<p>O novo m\u00f3dulo de Monitoramento Socioambiental foi projetado para oferecer tranquilidade e praticidade aos nossos usu\u00e1rios. Ao facilitar a identifica\u00e7\u00e3o de pessoas e territ\u00f3rios em monitoramento, esse recurso traz uma <strong>vis\u00e3o detalhada da conformidade socioambiental<\/strong> e ajuda a <strong>detectar poss\u00edveis n\u00e3o conformidades<\/strong>. Com informa\u00e7\u00f5es sempre atualizadas e alertas instant\u00e2neos, o m\u00f3dulo eleva o n\u00edvel de seguran\u00e7a e efici\u00eancia em suas opera\u00e7\u00f5es.<\/p>\n<figure id=\"attachment_558\" aria-describedby=\"caption-attachment-558\" style=\"width: 2108px\" class=\"wp-caption aligncenter\"><img loading=\"lazy\" decoding=\"async\" class=\"size-full wp-image-558\" src=\"https:\/\/vegamonitoramento.com.br\/blog\/wp-content\/uploads\/2023\/08\/socio-2-1.png\" alt=\"\" width=\"2108\" height=\"1000\" srcset=\"https:\/\/vegamonitoramento.com.br\/blog\/wp-content\/uploads\/2023\/08\/socio-2-1.png 2108w, https:\/\/vegamonitoramento.com.br\/blog\/wp-content\/uploads\/2023\/08\/socio-2-1-300x142.png 300w, https:\/\/vegamonitoramento.com.br\/blog\/wp-content\/uploads\/2023\/08\/socio-2-1-1024x486.png 1024w, https:\/\/vegamonitoramento.com.br\/blog\/wp-content\/uploads\/2023\/08\/socio-2-1-768x364.png 768w, https:\/\/vegamonitoramento.com.br\/blog\/wp-content\/uploads\/2023\/08\/socio-2-1-1536x729.png 1536w, https:\/\/vegamonitoramento.com.br\/blog\/wp-content\/uploads\/2023\/08\/socio-2-1-2048x972.png 2048w\" sizes=\"auto, (max-width: 2108px) 100vw, 2108px\" \/><figcaption id=\"caption-attachment-558\" class=\"wp-caption-text\"><em>Exemplo de lista de territ\u00f3rios monitorados e mapa de acompanhamento com ferramentas principais<\/em><\/figcaption><\/figure>\n<h3><strong>Utilizando o M\u00f3dulo de Monitoramento Socioambiental da LYRA<\/strong><\/h3>\n<p>Explorar as funcionalidades do novo m\u00f3dulo de Monitoramento Socioambiental \u00e9 muito simples. Encontre facilmente as pessoas e os territ\u00f3rios em monitoramento, por meio da listagem, navega\u00e7\u00e3o em GIS ou no campo de busca inteligente. Em caso de ocorr\u00eancia de alguma n\u00e3o conformidade, \u00e9 gerado um alerta que ser\u00e1 exibido no m\u00f3dulo e na central de alertas na p\u00e1gina inicial da LYRA.<br \/>\nAqui est\u00e1 um passo a passo para voc\u00ea come\u00e7ar a utilizar agora mesmo:<\/p>\n<ul>\n<li>No menu principal \u00e0 esquerda da plataforma, localize o \u00edcone representando <strong>duas \u00e1rvores<\/strong>, denominado &#8220;<em>Monitoramento Socioambiental<\/em>&#8220;.<\/li>\n<li>Dentro do m\u00f3dulo, voc\u00ea encontrar\u00e1 campos de busca, alertas (hoje, \u00faltimos 7 dias, \u00faltimos 30 dias ou per\u00edodo completo), filtros de monitoramento divididos por \u00e1reas protegidas, embargos e desmatamentos, pessoas e aspectos sociais.<\/li>\n<\/ul>\n<figure id=\"attachment_583\" aria-describedby=\"caption-attachment-583\" style=\"width: 2108px\" class=\"wp-caption aligncenter\"><img loading=\"lazy\" decoding=\"async\" class=\"size-full wp-image-583\" src=\"https:\/\/vegamonitoramento.com.br\/blog\/wp-content\/uploads\/2023\/08\/socio-4.png\" alt=\"\" width=\"2108\" height=\"1000\" srcset=\"https:\/\/vegamonitoramento.com.br\/blog\/wp-content\/uploads\/2023\/08\/socio-4.png 2108w, https:\/\/vegamonitoramento.com.br\/blog\/wp-content\/uploads\/2023\/08\/socio-4-300x142.png 300w, https:\/\/vegamonitoramento.com.br\/blog\/wp-content\/uploads\/2023\/08\/socio-4-1024x486.png 1024w, https:\/\/vegamonitoramento.com.br\/blog\/wp-content\/uploads\/2023\/08\/socio-4-768x364.png 768w, https:\/\/vegamonitoramento.com.br\/blog\/wp-content\/uploads\/2023\/08\/socio-4-1536x729.png 1536w, https:\/\/vegamonitoramento.com.br\/blog\/wp-content\/uploads\/2023\/08\/socio-4-2048x972.png 2048w\" sizes=\"auto, (max-width: 2108px) 100vw, 2108px\" \/><figcaption id=\"caption-attachment-583\" class=\"wp-caption-text\"><em>Ao clicar em Embargos e desmatamento, tenha informa\u00e7\u00f5es detalhadas com mapa de refer\u00eancia da situa\u00e7\u00e3o de n\u00e3o conformidade de cada \u00e1rea do territ\u00f3rio.<\/em><\/figcaption><\/figure>\n<p>Al\u00e9m disso, a se\u00e7\u00e3o de Totalizadores fornece <strong>resumos \u00fateis sobre territ\u00f3rios e CPFs\/CNPJs monitorados e com n\u00e3o conformidades<\/strong>.<\/p>\n<p>Os resultados incluem uma lista de territ\u00f3rios j\u00e1 monitorados, junto com um mapa interativo.<\/p>\n<ul>\n<li>Clique no bot\u00e3o verde &#8220;<em>+ Novo Monitoramento<\/em>&#8221; no topo para adicionar novos territ\u00f3rios para monitoramento.<\/li>\n<li>Use o campo de busca para encontrar e selecionar territ\u00f3rios de interesse, da mesma maneira que seleciona \u00e1reas de monitoramento agr\u00edcola. Marque as caixas de sele\u00e7\u00e3o ao lado dos resultados para iniciar o monitoramento.<\/li>\n<li>Para iniciar o monitoramento, clique no bot\u00e3o verde &#8220;<em>Iniciar monitoramento<\/em>&#8221; no canto superior direito.<\/li>\n<li>Aguarde enquanto o sistema busca informa\u00e7\u00f5es relevantes e inicia o <strong>monitoramento do territ\u00f3rio.<\/strong><\/li>\n<li>Para visualizar um territ\u00f3rio em monitoramento, fa\u00e7a uma nova busca usando o campo de busca no topo da tela.<\/li>\n<li>Na lista de resultados, voc\u00ea pode <strong>acessar detalhes dos CARs vinculados, pessoas e \u00e1rea monitorada.<\/strong><\/li>\n<li>Nos tr\u00eas pontos \u00e0 direita da lista, voc\u00ea pode \u201c<em>desativar<\/em>\u201d ou \u201c<em>visualizar<\/em>\u201d o monitoramento.<\/li>\n<li>Ao selecionar &#8220;<em>visualizar<\/em>&#8220;, voc\u00ea ter\u00e1 acesso a um painel abrangente de monitoramento socioambiental, incluindo alertas categorizados por per\u00edodos de tempo, status do territ\u00f3rio (incluindo embargos, desmatamentos e n\u00e3o conformidades sociais) e informa\u00e7\u00f5es detalhadas do territ\u00f3rio.<\/li>\n<li>O hist\u00f3rico de monitoramento exibe uma <strong>linha do tempo com detalhes por per\u00edodo<\/strong>, permitindo o <strong>download de relat\u00f3rios em PDF.<\/strong><\/li>\n<\/ul>\n<figure id=\"attachment_559\" aria-describedby=\"caption-attachment-559\" style=\"width: 2108px\" class=\"wp-caption aligncenter\"><img loading=\"lazy\" decoding=\"async\" class=\"size-full wp-image-559\" src=\"https:\/\/vegamonitoramento.com.br\/blog\/wp-content\/uploads\/2023\/08\/socio-3-1.png\" alt=\"\" width=\"2108\" height=\"1000\" srcset=\"https:\/\/vegamonitoramento.com.br\/blog\/wp-content\/uploads\/2023\/08\/socio-3-1.png 2108w, https:\/\/vegamonitoramento.com.br\/blog\/wp-content\/uploads\/2023\/08\/socio-3-1-300x142.png 300w, https:\/\/vegamonitoramento.com.br\/blog\/wp-content\/uploads\/2023\/08\/socio-3-1-1024x486.png 1024w, https:\/\/vegamonitoramento.com.br\/blog\/wp-content\/uploads\/2023\/08\/socio-3-1-768x364.png 768w, https:\/\/vegamonitoramento.com.br\/blog\/wp-content\/uploads\/2023\/08\/socio-3-1-1536x729.png 1536w, https:\/\/vegamonitoramento.com.br\/blog\/wp-content\/uploads\/2023\/08\/socio-3-1-2048x972.png 2048w\" sizes=\"auto, (max-width: 2108px) 100vw, 2108px\" \/><figcaption id=\"caption-attachment-559\" class=\"wp-caption-text\"><em>Exemplo de um painel de monitoramento socioambiental, com alertas e hist\u00f3rico do monitoramento.<\/em><\/figcaption><\/figure>\n<p>O novo m\u00f3dulo de Monitoramento Socioambiental na Plataforma LYRA da VEGA Monitoramento \u00e9 um recurso poderoso que aprimora a gest\u00e3o socioambiental. Com alertas em tempo real, hist\u00f3rico detalhado e recursos intuitivos, essa ferramenta permite que empresas <strong>monitorem a conformidade e identifiquem n\u00e3o conformidades de maneira transparente e \u00e1gil<\/strong>. Utilize esse m\u00f3dulo para aprimorar suas pr\u00e1ticas de gest\u00e3o e contribuir para um mundo mais sustent\u00e1vel.<\/p>\n<div class=\"cta\"><h3>J\u00e1 \u00e9 usu\u00e1rio LYRA e quer ter acesso aos novos m\u00f3dulos?<\/h3><p>Entre em contato com o seu gerente de relacionamento ou envie uma mensagem<\/p><a href=\"https:\/\/vegamonitoramento.com.br\/lyra\/#contato\">Enviar Mensagem<\/a><\/div>\n<hr \/>\n<div class=\"cta\"><h3>Ainda n\u00e3o \u00e9 usu\u00e1rio LYRA e deseja levar toda essa inova\u00e7\u00e3o para a sua empresa? <\/h3><a href=\"https:\/\/vegamonitoramento.com.br\/lyra\/#contato\">Solicitar Contato<\/a><\/div>\n<p><a href=\"https:\/\/vegamonitoramento.com.br\/lyra\/\"><img loading=\"lazy\" decoding=\"async\" class=\"aligncenter size-full wp-image-548\" src=\"https:\/\/vegamonitoramento.com.br\/blog\/wp-content\/uploads\/2023\/08\/2-1.png\" alt=\"\" width=\"850\" height=\"400\" srcset=\"https:\/\/vegamonitoramento.com.br\/blog\/wp-content\/uploads\/2023\/08\/2-1.png 850w, https:\/\/vegamonitoramento.com.br\/blog\/wp-content\/uploads\/2023\/08\/2-1-300x141.png 300w, https:\/\/vegamonitoramento.com.br\/blog\/wp-content\/uploads\/2023\/08\/2-1-768x361.png 768w\" sizes=\"auto, (max-width: 850px) 100vw, 850px\" \/><\/a><\/p>\n<p>&nbsp;<\/p>\n","protected":false},"excerpt":{"rendered":"<p>A VEGA Monitoramento apresenta uma nova solu\u00e7\u00e3o modular na Plataforma LYRA: o inovador Monitoramento Socioambiental. Com essa nova<\/p>\n","protected":false},"author":4,"featured_media":535,"comment_status":"closed","ping_status":"open","sticky":false,"template":"","format":"standard","meta":{"_acf_changed":false,"om_disable_all_campaigns":false,"_monsterinsights_skip_tracking":false,"_monsterinsights_sitenote_active":false,"_monsterinsights_sitenote_note":"","_monsterinsights_sitenote_category":0,"footnotes":""},"categories":[1],"tags":[],"class_list":["post-498","post","type-post","status-publish","format-standard","has-post-thumbnail","hentry","category-artigo"],"acf":[],"relative_dates":{"created":"3 anos ago","modified":"3 anos ago"},"yoast_head":"<!-- This site is optimized with the Yoast SEO plugin v22.7 - https:\/\/yoast.com\/wordpress\/plugins\/seo\/ -->\n<title>Descubra o Novo M\u00f3dulo de Monitoramento Socioambiental na Plataforma LYRA da VEGA Monitoramento - Blog - Not\u00edcias do Agro - Vega Monitoramento<\/title>\n<meta name=\"robots\" content=\"index, follow, max-snippet:-1, max-image-preview:large, max-video-preview:-1\" \/>\n<link rel=\"canonical\" href=\"https:\/\/vegamonitoramento.com.br\/blog\/artigo\/descubra-o-novo-modulo-de-monitoramento-socioambiental-na-plataforma-lyra-da-vega-monitoramento\/\" \/>\n<meta property=\"og:locale\" content=\"pt_BR\" \/>\n<meta property=\"og:type\" content=\"article\" \/>\n<meta property=\"og:title\" content=\"Descubra o Novo M\u00f3dulo de Monitoramento Socioambiental na Plataforma LYRA da VEGA Monitoramento - Blog - Not\u00edcias do Agro - Vega Monitoramento\" \/>\n<meta property=\"og:description\" content=\"A VEGA Monitoramento apresenta uma nova solu\u00e7\u00e3o modular na Plataforma LYRA: o inovador Monitoramento Socioambiental. Com essa nova\" \/>\n<meta property=\"og:url\" content=\"https:\/\/vegamonitoramento.com.br\/blog\/artigo\/descubra-o-novo-modulo-de-monitoramento-socioambiental-na-plataforma-lyra-da-vega-monitoramento\/\" \/>\n<meta property=\"og:site_name\" content=\"Blog - Not\u00edcias do Agro - Vega Monitoramento\" \/>\n<meta property=\"article:publisher\" content=\"https:\/\/www.facebook.com\/vegamonitoramentoetecnologia\" \/>\n<meta property=\"article:published_time\" content=\"2023-09-06T13:05:44+00:00\" \/>\n<meta property=\"article:modified_time\" content=\"2023-09-06T13:05:22+00:00\" \/>\n<meta property=\"og:image\" content=\"https:\/\/vegamonitoramento.com.br\/blog\/wp-content\/uploads\/2023\/08\/4.png\" \/>\n\t<meta property=\"og:image:width\" content=\"600\" \/>\n\t<meta property=\"og:image:height\" content=\"280\" \/>\n\t<meta property=\"og:image:type\" content=\"image\/png\" \/>\n<meta name=\"author\" content=\"muriel\" \/>\n<meta name=\"twitter:card\" content=\"summary_large_image\" \/>\n<meta name=\"twitter:label1\" content=\"Escrito por\" \/>\n\t<meta name=\"twitter:data1\" content=\"muriel\" \/>\n\t<meta name=\"twitter:label2\" content=\"Est. tempo de leitura\" \/>\n\t<meta name=\"twitter:data2\" content=\"5 minutos\" \/>\n<script type=\"application\/ld+json\" class=\"yoast-schema-graph\">{\"@context\":\"https:\/\/schema.org\",\"@graph\":[{\"@type\":\"Article\",\"@id\":\"https:\/\/vegamonitoramento.com.br\/blog\/artigo\/descubra-o-novo-modulo-de-monitoramento-socioambiental-na-plataforma-lyra-da-vega-monitoramento\/#article\",\"isPartOf\":{\"@id\":\"https:\/\/vegamonitoramento.com.br\/blog\/artigo\/descubra-o-novo-modulo-de-monitoramento-socioambiental-na-plataforma-lyra-da-vega-monitoramento\/\"},\"author\":{\"name\":\"muriel\",\"@id\":\"https:\/\/vegamonitoramento.com.br\/blog\/#\/schema\/person\/3d4ad68c7c7d1f1c8a4f81ee8d51e72b\"},\"headline\":\"Descubra o Novo M\u00f3dulo de Monitoramento Socioambiental na Plataforma LYRA da VEGA Monitoramento\",\"datePublished\":\"2023-09-06T13:05:44+00:00\",\"dateModified\":\"2023-09-06T13:05:22+00:00\",\"mainEntityOfPage\":{\"@id\":\"https:\/\/vegamonitoramento.com.br\/blog\/artigo\/descubra-o-novo-modulo-de-monitoramento-socioambiental-na-plataforma-lyra-da-vega-monitoramento\/\"},\"wordCount\":782,\"publisher\":{\"@id\":\"https:\/\/vegamonitoramento.com.br\/blog\/#organization\"},\"image\":{\"@id\":\"https:\/\/vegamonitoramento.com.br\/blog\/artigo\/descubra-o-novo-modulo-de-monitoramento-socioambiental-na-plataforma-lyra-da-vega-monitoramento\/#primaryimage\"},\"thumbnailUrl\":\"https:\/\/vegamonitoramento.com.br\/blog\/wp-content\/uploads\/2023\/08\/4.png\",\"articleSection\":[\"Artigo\"],\"inLanguage\":\"pt-BR\"},{\"@type\":\"WebPage\",\"@id\":\"https:\/\/vegamonitoramento.com.br\/blog\/artigo\/descubra-o-novo-modulo-de-monitoramento-socioambiental-na-plataforma-lyra-da-vega-monitoramento\/\",\"url\":\"https:\/\/vegamonitoramento.com.br\/blog\/artigo\/descubra-o-novo-modulo-de-monitoramento-socioambiental-na-plataforma-lyra-da-vega-monitoramento\/\",\"name\":\"Descubra o Novo M\u00f3dulo de Monitoramento Socioambiental na Plataforma LYRA da VEGA Monitoramento - Blog - Not\u00edcias do Agro - Vega Monitoramento\",\"isPartOf\":{\"@id\":\"https:\/\/vegamonitoramento.com.br\/blog\/#website\"},\"primaryImageOfPage\":{\"@id\":\"https:\/\/vegamonitoramento.com.br\/blog\/artigo\/descubra-o-novo-modulo-de-monitoramento-socioambiental-na-plataforma-lyra-da-vega-monitoramento\/#primaryimage\"},\"image\":{\"@id\":\"https:\/\/vegamonitoramento.com.br\/blog\/artigo\/descubra-o-novo-modulo-de-monitoramento-socioambiental-na-plataforma-lyra-da-vega-monitoramento\/#primaryimage\"},\"thumbnailUrl\":\"https:\/\/vegamonitoramento.com.br\/blog\/wp-content\/uploads\/2023\/08\/4.png\",\"datePublished\":\"2023-09-06T13:05:44+00:00\",\"dateModified\":\"2023-09-06T13:05:22+00:00\",\"breadcrumb\":{\"@id\":\"https:\/\/vegamonitoramento.com.br\/blog\/artigo\/descubra-o-novo-modulo-de-monitoramento-socioambiental-na-plataforma-lyra-da-vega-monitoramento\/#breadcrumb\"},\"inLanguage\":\"pt-BR\",\"potentialAction\":[{\"@type\":\"ReadAction\",\"target\":[\"https:\/\/vegamonitoramento.com.br\/blog\/artigo\/descubra-o-novo-modulo-de-monitoramento-socioambiental-na-plataforma-lyra-da-vega-monitoramento\/\"]}]},{\"@type\":\"ImageObject\",\"inLanguage\":\"pt-BR\",\"@id\":\"https:\/\/vegamonitoramento.com.br\/blog\/artigo\/descubra-o-novo-modulo-de-monitoramento-socioambiental-na-plataforma-lyra-da-vega-monitoramento\/#primaryimage\",\"url\":\"https:\/\/vegamonitoramento.com.br\/blog\/wp-content\/uploads\/2023\/08\/4.png\",\"contentUrl\":\"https:\/\/vegamonitoramento.com.br\/blog\/wp-content\/uploads\/2023\/08\/4.png\",\"width\":600,\"height\":280},{\"@type\":\"BreadcrumbList\",\"@id\":\"https:\/\/vegamonitoramento.com.br\/blog\/artigo\/descubra-o-novo-modulo-de-monitoramento-socioambiental-na-plataforma-lyra-da-vega-monitoramento\/#breadcrumb\",\"itemListElement\":[{\"@type\":\"ListItem\",\"position\":1,\"name\":\"In\u00edcio\",\"item\":\"https:\/\/vegamonitoramento.com.br\/blog\/\"},{\"@type\":\"ListItem\",\"position\":2,\"name\":\"Descubra o Novo M\u00f3dulo de Monitoramento Socioambiental na Plataforma LYRA da VEGA Monitoramento\"}]},{\"@type\":\"WebSite\",\"@id\":\"https:\/\/vegamonitoramento.com.br\/blog\/#website\",\"url\":\"https:\/\/vegamonitoramento.com.br\/blog\/\",\"name\":\"Blog - Not\u00edcias do Agro - Vega Monitoramento\",\"description\":\"Confira agora as \u00faltimas not\u00edcias do agro sob a perspectiva especializada da equipe Vega Monitoramento. Clique para acessar!\",\"publisher\":{\"@id\":\"https:\/\/vegamonitoramento.com.br\/blog\/#organization\"},\"potentialAction\":[{\"@type\":\"SearchAction\",\"target\":{\"@type\":\"EntryPoint\",\"urlTemplate\":\"https:\/\/vegamonitoramento.com.br\/blog\/?s={search_term_string}\"},\"query-input\":\"required name=search_term_string\"}],\"inLanguage\":\"pt-BR\"},{\"@type\":\"Organization\",\"@id\":\"https:\/\/vegamonitoramento.com.br\/blog\/#organization\",\"name\":\"Blog - Not\u00edcias do Agro - Vega Monitoramento\",\"url\":\"https:\/\/vegamonitoramento.com.br\/blog\/\",\"logo\":{\"@type\":\"ImageObject\",\"inLanguage\":\"pt-BR\",\"@id\":\"https:\/\/vegamonitoramento.com.br\/blog\/#\/schema\/logo\/image\/\",\"url\":\"https:\/\/vegamonitoramento.com.br\/blog\/wp-content\/uploads\/2025\/08\/logo-site-webp-e1755787174447.webp\",\"contentUrl\":\"https:\/\/vegamonitoramento.com.br\/blog\/wp-content\/uploads\/2025\/08\/logo-site-webp-e1755787174447.webp\",\"width\":150,\"height\":50,\"caption\":\"Blog - Not\u00edcias do Agro - Vega Monitoramento\"},\"image\":{\"@id\":\"https:\/\/vegamonitoramento.com.br\/blog\/#\/schema\/logo\/image\/\"},\"sameAs\":[\"https:\/\/www.facebook.com\/vegamonitoramentoetecnologia\",\"https:\/\/www.instagram.com\/vegamonitoramento\/\",\"https:\/\/www.linkedin.com\/company\/vega-monitoramento\/?viewAsMember=true\",\"https:\/\/www.youtube.com\/channel\/UCRqcOTBq8JOBi8Bw1RGA80Q\"]},{\"@type\":\"Person\",\"@id\":\"https:\/\/vegamonitoramento.com.br\/blog\/#\/schema\/person\/3d4ad68c7c7d1f1c8a4f81ee8d51e72b\",\"name\":\"muriel\",\"image\":{\"@type\":\"ImageObject\",\"inLanguage\":\"pt-BR\",\"@id\":\"https:\/\/vegamonitoramento.com.br\/blog\/#\/schema\/person\/image\/\",\"url\":\"https:\/\/secure.gravatar.com\/avatar\/4cbe905eff02068871c740e11b3e2eaab48412bd5dc0778d56c1ba61ea35fc92?s=96&d=mm&r=g\",\"contentUrl\":\"https:\/\/secure.gravatar.com\/avatar\/4cbe905eff02068871c740e11b3e2eaab48412bd5dc0778d56c1ba61ea35fc92?s=96&d=mm&r=g\",\"caption\":\"muriel\"}}]}<\/script>\n<!-- \/ Yoast SEO plugin. -->","yoast_head_json":{"title":"Descubra o Novo M\u00f3dulo de Monitoramento Socioambiental na Plataforma LYRA da VEGA Monitoramento - Blog - Not\u00edcias do Agro - Vega Monitoramento","robots":{"index":"index","follow":"follow","max-snippet":"max-snippet:-1","max-image-preview":"max-image-preview:large","max-video-preview":"max-video-preview:-1"},"canonical":"https:\/\/vegamonitoramento.com.br\/blog\/artigo\/descubra-o-novo-modulo-de-monitoramento-socioambiental-na-plataforma-lyra-da-vega-monitoramento\/","og_locale":"pt_BR","og_type":"article","og_title":"Descubra o Novo M\u00f3dulo de Monitoramento Socioambiental na Plataforma LYRA da VEGA Monitoramento - Blog - Not\u00edcias do Agro - Vega Monitoramento","og_description":"A VEGA Monitoramento apresenta uma nova solu\u00e7\u00e3o modular na Plataforma LYRA: o inovador Monitoramento Socioambiental. Com essa nova","og_url":"https:\/\/vegamonitoramento.com.br\/blog\/artigo\/descubra-o-novo-modulo-de-monitoramento-socioambiental-na-plataforma-lyra-da-vega-monitoramento\/","og_site_name":"Blog - Not\u00edcias do Agro - Vega Monitoramento","article_publisher":"https:\/\/www.facebook.com\/vegamonitoramentoetecnologia","article_published_time":"2023-09-06T13:05:44+00:00","article_modified_time":"2023-09-06T13:05:22+00:00","og_image":[{"width":600,"height":280,"url":"https:\/\/vegamonitoramento.com.br\/blog\/wp-content\/uploads\/2023\/08\/4.png","type":"image\/png"}],"author":"muriel","twitter_card":"summary_large_image","twitter_misc":{"Escrito por":"muriel","Est. tempo de leitura":"5 minutos"},"schema":{"@context":"https:\/\/schema.org","@graph":[{"@type":"Article","@id":"https:\/\/vegamonitoramento.com.br\/blog\/artigo\/descubra-o-novo-modulo-de-monitoramento-socioambiental-na-plataforma-lyra-da-vega-monitoramento\/#article","isPartOf":{"@id":"https:\/\/vegamonitoramento.com.br\/blog\/artigo\/descubra-o-novo-modulo-de-monitoramento-socioambiental-na-plataforma-lyra-da-vega-monitoramento\/"},"author":{"name":"muriel","@id":"https:\/\/vegamonitoramento.com.br\/blog\/#\/schema\/person\/3d4ad68c7c7d1f1c8a4f81ee8d51e72b"},"headline":"Descubra o Novo M\u00f3dulo de Monitoramento Socioambiental na Plataforma LYRA da VEGA Monitoramento","datePublished":"2023-09-06T13:05:44+00:00","dateModified":"2023-09-06T13:05:22+00:00","mainEntityOfPage":{"@id":"https:\/\/vegamonitoramento.com.br\/blog\/artigo\/descubra-o-novo-modulo-de-monitoramento-socioambiental-na-plataforma-lyra-da-vega-monitoramento\/"},"wordCount":782,"publisher":{"@id":"https:\/\/vegamonitoramento.com.br\/blog\/#organization"},"image":{"@id":"https:\/\/vegamonitoramento.com.br\/blog\/artigo\/descubra-o-novo-modulo-de-monitoramento-socioambiental-na-plataforma-lyra-da-vega-monitoramento\/#primaryimage"},"thumbnailUrl":"https:\/\/vegamonitoramento.com.br\/blog\/wp-content\/uploads\/2023\/08\/4.png","articleSection":["Artigo"],"inLanguage":"pt-BR"},{"@type":"WebPage","@id":"https:\/\/vegamonitoramento.com.br\/blog\/artigo\/descubra-o-novo-modulo-de-monitoramento-socioambiental-na-plataforma-lyra-da-vega-monitoramento\/","url":"https:\/\/vegamonitoramento.com.br\/blog\/artigo\/descubra-o-novo-modulo-de-monitoramento-socioambiental-na-plataforma-lyra-da-vega-monitoramento\/","name":"Descubra o Novo M\u00f3dulo de Monitoramento Socioambiental na Plataforma LYRA da VEGA Monitoramento - Blog - Not\u00edcias do Agro - Vega Monitoramento","isPartOf":{"@id":"https:\/\/vegamonitoramento.com.br\/blog\/#website"},"primaryImageOfPage":{"@id":"https:\/\/vegamonitoramento.com.br\/blog\/artigo\/descubra-o-novo-modulo-de-monitoramento-socioambiental-na-plataforma-lyra-da-vega-monitoramento\/#primaryimage"},"image":{"@id":"https:\/\/vegamonitoramento.com.br\/blog\/artigo\/descubra-o-novo-modulo-de-monitoramento-socioambiental-na-plataforma-lyra-da-vega-monitoramento\/#primaryimage"},"thumbnailUrl":"https:\/\/vegamonitoramento.com.br\/blog\/wp-content\/uploads\/2023\/08\/4.png","datePublished":"2023-09-06T13:05:44+00:00","dateModified":"2023-09-06T13:05:22+00:00","breadcrumb":{"@id":"https:\/\/vegamonitoramento.com.br\/blog\/artigo\/descubra-o-novo-modulo-de-monitoramento-socioambiental-na-plataforma-lyra-da-vega-monitoramento\/#breadcrumb"},"inLanguage":"pt-BR","potentialAction":[{"@type":"ReadAction","target":["https:\/\/vegamonitoramento.com.br\/blog\/artigo\/descubra-o-novo-modulo-de-monitoramento-socioambiental-na-plataforma-lyra-da-vega-monitoramento\/"]}]},{"@type":"ImageObject","inLanguage":"pt-BR","@id":"https:\/\/vegamonitoramento.com.br\/blog\/artigo\/descubra-o-novo-modulo-de-monitoramento-socioambiental-na-plataforma-lyra-da-vega-monitoramento\/#primaryimage","url":"https:\/\/vegamonitoramento.com.br\/blog\/wp-content\/uploads\/2023\/08\/4.png","contentUrl":"https:\/\/vegamonitoramento.com.br\/blog\/wp-content\/uploads\/2023\/08\/4.png","width":600,"height":280},{"@type":"BreadcrumbList","@id":"https:\/\/vegamonitoramento.com.br\/blog\/artigo\/descubra-o-novo-modulo-de-monitoramento-socioambiental-na-plataforma-lyra-da-vega-monitoramento\/#breadcrumb","itemListElement":[{"@type":"ListItem","position":1,"name":"In\u00edcio","item":"https:\/\/vegamonitoramento.com.br\/blog\/"},{"@type":"ListItem","position":2,"name":"Descubra o Novo M\u00f3dulo de Monitoramento Socioambiental na Plataforma LYRA da VEGA Monitoramento"}]},{"@type":"WebSite","@id":"https:\/\/vegamonitoramento.com.br\/blog\/#website","url":"https:\/\/vegamonitoramento.com.br\/blog\/","name":"Blog - Not\u00edcias do Agro - Vega Monitoramento","description":"Confira agora as \u00faltimas not\u00edcias do agro sob a perspectiva especializada da equipe Vega Monitoramento. Clique para acessar!","publisher":{"@id":"https:\/\/vegamonitoramento.com.br\/blog\/#organization"},"potentialAction":[{"@type":"SearchAction","target":{"@type":"EntryPoint","urlTemplate":"https:\/\/vegamonitoramento.com.br\/blog\/?s={search_term_string}"},"query-input":"required name=search_term_string"}],"inLanguage":"pt-BR"},{"@type":"Organization","@id":"https:\/\/vegamonitoramento.com.br\/blog\/#organization","name":"Blog - Not\u00edcias do Agro - Vega Monitoramento","url":"https:\/\/vegamonitoramento.com.br\/blog\/","logo":{"@type":"ImageObject","inLanguage":"pt-BR","@id":"https:\/\/vegamonitoramento.com.br\/blog\/#\/schema\/logo\/image\/","url":"https:\/\/vegamonitoramento.com.br\/blog\/wp-content\/uploads\/2025\/08\/logo-site-webp-e1755787174447.webp","contentUrl":"https:\/\/vegamonitoramento.com.br\/blog\/wp-content\/uploads\/2025\/08\/logo-site-webp-e1755787174447.webp","width":150,"height":50,"caption":"Blog - Not\u00edcias do Agro - Vega Monitoramento"},"image":{"@id":"https:\/\/vegamonitoramento.com.br\/blog\/#\/schema\/logo\/image\/"},"sameAs":["https:\/\/www.facebook.com\/vegamonitoramentoetecnologia","https:\/\/www.instagram.com\/vegamonitoramento\/","https:\/\/www.linkedin.com\/company\/vega-monitoramento\/?viewAsMember=true","https:\/\/www.youtube.com\/channel\/UCRqcOTBq8JOBi8Bw1RGA80Q"]},{"@type":"Person","@id":"https:\/\/vegamonitoramento.com.br\/blog\/#\/schema\/person\/3d4ad68c7c7d1f1c8a4f81ee8d51e72b","name":"muriel","image":{"@type":"ImageObject","inLanguage":"pt-BR","@id":"https:\/\/vegamonitoramento.com.br\/blog\/#\/schema\/person\/image\/","url":"https:\/\/secure.gravatar.com\/avatar\/4cbe905eff02068871c740e11b3e2eaab48412bd5dc0778d56c1ba61ea35fc92?s=96&d=mm&r=g","contentUrl":"https:\/\/secure.gravatar.com\/avatar\/4cbe905eff02068871c740e11b3e2eaab48412bd5dc0778d56c1ba61ea35fc92?s=96&d=mm&r=g","caption":"muriel"}}]}},"jetpack_featured_media_url":"https:\/\/vegamonitoramento.com.br\/blog\/wp-content\/uploads\/2023\/08\/4.png","_links":{"self":[{"href":"https:\/\/vegamonitoramento.com.br\/blog\/wp-json\/wp\/v2\/posts\/498","targetHints":{"allow":["GET"]}}],"collection":[{"href":"https:\/\/vegamonitoramento.com.br\/blog\/wp-json\/wp\/v2\/posts"}],"about":[{"href":"https:\/\/vegamonitoramento.com.br\/blog\/wp-json\/wp\/v2\/types\/post"}],"author":[{"embeddable":true,"href":"https:\/\/vegamonitoramento.com.br\/blog\/wp-json\/wp\/v2\/users\/4"}],"replies":[{"embeddable":true,"href":"https:\/\/vegamonitoramento.com.br\/blog\/wp-json\/wp\/v2\/comments?post=498"}],"version-history":[{"count":0,"href":"https:\/\/vegamonitoramento.com.br\/blog\/wp-json\/wp\/v2\/posts\/498\/revisions"}],"wp:featuredmedia":[{"embeddable":true,"href":"https:\/\/vegamonitoramento.com.br\/blog\/wp-json\/wp\/v2\/media\/535"}],"wp:attachment":[{"href":"https:\/\/vegamonitoramento.com.br\/blog\/wp-json\/wp\/v2\/media?parent=498"}],"wp:term":[{"taxonomy":"category","embeddable":true,"href":"https:\/\/vegamonitoramento.com.br\/blog\/wp-json\/wp\/v2\/categories?post=498"},{"taxonomy":"post_tag","embeddable":true,"href":"https:\/\/vegamonitoramento.com.br\/blog\/wp-json\/wp\/v2\/tags?post=498"}],"curies":[{"name":"wp","href":"https:\/\/api.w.org\/{rel}","templated":true}]}}